{"id":1473,"date":"2014-05-11T23:34:41","date_gmt":"2014-05-11T22:34:41","guid":{"rendered":"http:\/\/lannionck.fr\/?p=1473"},"modified":"2019-06-21T18:51:57","modified_gmt":"2019-06-21T17:51:57","slug":"interview-de-jonathan-marc-saison-2014-et-avenir","status":"publish","type":"post","link":"https:\/\/lannionck.fr\/lck0000\/wordpress\/interview-de-jonathan-marc-saison-2014-et-avenir\/","title":{"rendered":"Interview de Jonathan Marc : saison 2014 et avenir&#8230;"},"content":{"rendered":"<p>Dans moins de trois jours, les meilleurs Lannionais vont d\u00e9buter une des comp\u00e9titions les plus importantes de la saison, les s\u00e9lections de l&rsquo;\u00e9quipe de France.<\/p>\n<p><img fetchpriority=\"high\" decoding=\"async\" class=\"size-medium wp-image-1415 aligncenter\" style=\"color: #333333; font-size: 15.555556297302246px; font-style: normal; line-height: 27.08333396911621px;\" alt=\"10177887_836236573056339_5776782727142820411_n\" src=\"http:\/\/lannionck.fr\/lck0000\/wordpress\/wp-content\/uploads\/2014\/04\/10177887_836236573056339_5776782727142820411_n-300x225.jpg\" width=\"300\" height=\"225\" srcset=\"https:\/\/lannionck.fr\/lck0000\/wordpress\/wp-content\/uploads\/2014\/04\/10177887_836236573056339_5776782727142820411_n-300x225.jpg 300w, https:\/\/lannionck.fr\/lck0000\/wordpress\/wp-content\/uploads\/2014\/04\/10177887_836236573056339_5776782727142820411_n-400x300.jpg 400w, https:\/\/lannionck.fr\/lck0000\/wordpress\/wp-content\/uploads\/2014\/04\/10177887_836236573056339_5776782727142820411_n.jpg 960w\" sizes=\"(max-width: 300px) 100vw, 300px\" \/><\/p>\n<p>Jonathan Marc est un des principaux pr\u00e9tendants \u00e0 la s\u00e9lection dans la cat\u00e9gorie C1H, nous vous proposons de faire plus ample connaissance avec lui, en lisant la troisi\u00e8me partie de son interview.<\/p>\n<p><!--more--><\/p>\n<p><em>Les deux parties pr\u00e9c\u00e9dentes sont disponibles sur les liens suivants :<\/em><\/p>\n<p><em><a href=\"http:\/\/lannionck.fr\/interview-de-jonathan-marc\/\">http:\/\/lannionck.fr\/interview-de-jonathan-marc\/<\/a><\/em><\/p>\n<p><em><a href=\"http:\/\/lannionck.fr\/la-saison-2013-de-jonathan\/\">http:\/\/lannionck.fr\/la-saison-2013-de-jonathan\/<\/a><\/em><\/p>\n<p>&nbsp;<\/p>\n<p style=\"text-align: justify;\">Salut Jonathan,<\/p>\n<p style=\"text-align: justify;\">Lors des pr\u00e9c\u00e9dents articles, tu t\u2019\u00e9tais pr\u00e9sent\u00e9 et nous avais parl\u00e9 de ta saison 2013. Nous allons finir cet interview par l\u2019avenir, que ce soit le tien ou celui des jeunes du club.<\/p>\n<p style=\"text-align: justify;\">Comme nous l\u2019avons vu pr\u00e9c\u00e9demment, lors de la saison pass\u00e9e tu as altern\u00e9 grosses performances nationales et d\u00e9ceptions sur les course internationales. Une nouvelle saison commence, comment la sens-tu\u00a0?<\/p>\n<p style=\"text-align: justify;\"><span style=\"color: #00ccff;\"><i>Le temps est pass\u00e9 tr\u00e8s vite depuis les championnats du Monde en septembre dernier, et \u00e7a fait du bien de retourner \u00e0 la comp\u00e9tition apr\u00e8s cette longue p\u00e9riode d\u2019entra\u00eenements\u00a0! Le travail commence \u00e0 payer, les sensations reviennent, c\u2019est bon signe\u2026<\/i><\/span><\/p>\n<p><a href=\"http:\/\/lannionck.fr\/lck0000\/wordpress\/wp-content\/uploads\/2014\/05\/IMG_9020.jpeg\"><img decoding=\"async\" class=\"size-medium wp-image-1477 aligncenter\" alt=\"IMG_9020\" src=\"http:\/\/lannionck.fr\/lck0000\/wordpress\/wp-content\/uploads\/2014\/05\/IMG_9020-300x200.jpeg\" width=\"300\" height=\"200\" srcset=\"https:\/\/lannionck.fr\/lck0000\/wordpress\/wp-content\/uploads\/2014\/05\/IMG_9020-300x200.jpeg 300w, https:\/\/lannionck.fr\/lck0000\/wordpress\/wp-content\/uploads\/2014\/05\/IMG_9020-1024x683.jpeg 1024w, https:\/\/lannionck.fr\/lck0000\/wordpress\/wp-content\/uploads\/2014\/05\/IMG_9020-449x300.jpeg 449w, https:\/\/lannionck.fr\/lck0000\/wordpress\/wp-content\/uploads\/2014\/05\/IMG_9020.jpeg 1280w\" sizes=\"(max-width: 300px) 100vw, 300px\" \/><\/a><\/p>\n<p style=\"text-align: justify;\">Quels sont les points positifs que tu retiens de cette pr\u00e9-saison\u00a0?<\/p>\n<p style=\"text-align: justify;\"><span style=\"color: #00ccff;\"><i>Pleins de nouvelles choses comme la conception de mon nouveau bateau avec Zig Zag, de nouveaux sports pour ma pr\u00e9paration physique, et comme l\u2019an dernier, une grosse p\u00e9riode d\u2019entrainements aux Emirats.<\/i><\/span><\/p>\n<p><i><a href=\"http:\/\/lannionck.fr\/lck0000\/wordpress\/wp-content\/uploads\/2014\/05\/400010_4824702928187_79379375_n.jpg\"><img decoding=\"async\" class=\"size-medium wp-image-1478 aligncenter\" alt=\"400010_4824702928187_79379375_n\" src=\"http:\/\/lannionck.fr\/lck0000\/wordpress\/wp-content\/uploads\/2014\/05\/400010_4824702928187_79379375_n-300x225.jpg\" width=\"300\" height=\"225\" srcset=\"https:\/\/lannionck.fr\/lck0000\/wordpress\/wp-content\/uploads\/2014\/05\/400010_4824702928187_79379375_n-300x225.jpg 300w, https:\/\/lannionck.fr\/lck0000\/wordpress\/wp-content\/uploads\/2014\/05\/400010_4824702928187_79379375_n-400x300.jpg 400w, https:\/\/lannionck.fr\/lck0000\/wordpress\/wp-content\/uploads\/2014\/05\/400010_4824702928187_79379375_n.jpg 960w\" sizes=\"(max-width: 300px) 100vw, 300px\" \/><\/a><\/i><\/p>\n<p style=\"text-align: justify;\">Quels sont tes objectifs \u00e0 long terme\u00a0? Combien de temps penses-tu continuer le sport de haut niveau\u00a0?<\/p>\n<p style=\"text-align: justify;\"><span style=\"color: #00ccff;\"><i>Mon objectif principal reste les Jeux Olympiques. Aussi, j\u2019esp\u00e8re pouvoir d\u00e9crocher une m\u00e9daille sur un championnat du Monde. Je pense continuer \u00e0 fond jusqu\u2019en 2017, car il y a les championnats du Monde en France, mais ce sera peut-\u00eatre plus ou moins suivant comment je progresse jusque l\u00e0\u2026 L\u2019objectif, c\u2019est de jouer ma carte \u00e0 fond pour les JO de 2016.<\/i><\/span><\/p>\n<p style=\"text-align: justify;\">Penses-tu continuer \u00e0 naviguer apr\u00e8s ta carri\u00e8re de sportif de haut niveau\u00a0? Toujours en slalom ou axera-tu plus ta navigation sur d\u2019autres disciplines ou une pratique orient\u00e9e descente de rivi\u00e8re?<\/p>\n<p style=\"text-align: justify;\"><span style=\"color: #00ccff;\"><i>C\u2019est s\u00fbr que je ferais toujours du slalom, et pourquoi pas de la haute rivi\u00e8re ! J\u2019ai envie aussi de pratiquer de nouvelles activit\u00e9s, comme le trail ou toutes sortes de comp\u00e9titions longues distances\u2026 J\u2019adore me d\u00e9passer et d\u00e9couvrir de nouveaux sports\u00a0!<\/i><\/span><\/p>\n<p><span style=\"color: #0000ff;\"><a href=\"http:\/\/lannionck.fr\/lck0000\/wordpress\/wp-content\/uploads\/2014\/05\/091010_162129.jpg\"><img loading=\"lazy\" decoding=\"async\" class=\"size-medium wp-image-1479 aligncenter\" alt=\"091010_162129\" src=\"http:\/\/lannionck.fr\/lck0000\/wordpress\/wp-content\/uploads\/2014\/05\/091010_162129-225x300.jpg\" width=\"225\" height=\"300\" srcset=\"https:\/\/lannionck.fr\/lck0000\/wordpress\/wp-content\/uploads\/2014\/05\/091010_162129-225x300.jpg 225w, https:\/\/lannionck.fr\/lck0000\/wordpress\/wp-content\/uploads\/2014\/05\/091010_162129.jpg 600w\" sizes=\"(max-width: 225px) 100vw, 225px\" \/><\/a><\/span><\/p>\n<p style=\"text-align: justify;\">D\u2019une mani\u00e8re g\u00e9n\u00e9rale, comment vois-tu l\u2019\u00e9volution de ton sport \u00e0 long terme\u00a0? Qu\u2019est ce qui aura chang\u00e9 dans 10 ou 20ans\u00a0?<\/p>\n<p style=\"text-align: justify;\"><span style=\"color: #00ccff;\"><i>C\u2019est une tr\u00e8s bonne question\u2026 tout ce que j\u2019esp\u00e8re, c\u2019est que le fonctionnement et le r\u00e8glement des comp\u00e9titions deviendront plus simples\u00a0! Souvent on s\u2019y perd dans les nouvelles r\u00e8glementations, alors imaginez les spectateurs\u00a0! Il faudra faire des \u00e9volutions qui offrent de plus en plus de spectacles pour faire vivre au maximum notre sport.<\/i><\/span><\/p>\n<p style=\"text-align: justify;\">Comme tu nous l\u2019as indiqu\u00e9 pr\u00e9c\u00e9demment, tu travailles sur la conception d\u2019un nouveau cano\u00eb. Sur quels axes principaux travailles-tu afin de sortir le nouveau C1 Zig-Zag\u00a0? Qu\u2019est-ce que cette collaboration avec un fabriquant apportera \u00e0 ta navigation\u00a0?<\/p>\n<p style=\"text-align: justify;\"><span style=\"color: #00ccff;\"><i>L\u2019objectif de ce nouveau partenariat avec Zig Zag \u00e9tait de sortir un bateau adapt\u00e9 \u00e0 moi. Et ce bateau, le Fokus, est r\u00e9ussi. On s\u2019est donc appuy\u00e9 sur mes pr\u00e9c\u00e9dents bateaux qui me plaisaient\u00a0: une coque ronde et facile avec toujours une bonne glisse. On a aussi travaill\u00e9 sur des petits d\u00e9tails qui vont m\u2019aider \u00e0 \u00eatre plus performant comme le poids du bateau, l\u2019hiloire, la largeur, les calages, la construction\u2026 <\/i><\/span><\/p>\n<p><a href=\"http:\/\/lannionck.fr\/lck0000\/wordpress\/wp-content\/uploads\/2014\/05\/john.jpg\"><img loading=\"lazy\" decoding=\"async\" class=\"size-medium wp-image-1476 aligncenter\" alt=\"john\" src=\"http:\/\/lannionck.fr\/lck0000\/wordpress\/wp-content\/uploads\/2014\/05\/john-300x200.jpg\" width=\"300\" height=\"200\" srcset=\"https:\/\/lannionck.fr\/lck0000\/wordpress\/wp-content\/uploads\/2014\/05\/john-300x200.jpg 300w, https:\/\/lannionck.fr\/lck0000\/wordpress\/wp-content\/uploads\/2014\/05\/john-1024x685.jpg 1024w, https:\/\/lannionck.fr\/lck0000\/wordpress\/wp-content\/uploads\/2014\/05\/john-448x300.jpg 448w\" sizes=\"(max-width: 300px) 100vw, 300px\" \/><\/a><\/p>\n<p style=\"text-align: justify;\">Tu es encore relativement jeune, mais tu as tout de m\u00eame pr\u00e8s de 10ans de plus que tes adversaires les plus jeunes. As-tu remarqu\u00e9 une diff\u00e9rence dans la fa\u00e7on d\u2019approcher les courses, les entrainements, la navigation de cette nouvelle g\u00e9n\u00e9ration de C\u00e9istes?<\/p>\n<p style=\"text-align: justify;\"><span style=\"color: #00ccff;\"><i>Je m\u2019entra\u00eene au quotidien avec cette nouvelle g\u00e9n\u00e9ration\u2026 Je n\u2019ai pas remarqu\u00e9 une r\u00e9elle diff\u00e9rence d\u2019approche chez eux. Tout ce que je peux dire, c\u2019est qu\u2019ils ont envie de bousculer la hi\u00e9rarchie\u00a0!<\/i><\/span><\/p>\n<p style=\"text-align: justify;\">Quels conseils donnes-tu aux cadets et juniors qui souhaiteraient atteindre le plus haut niveau\u00a0? Quels sont les pi\u00e8ges \u00e0 \u00e9viter, les axes \u00e0 travailler en priorit\u00e9\u00a0?<\/p>\n<p style=\"text-align: justify;\"><span style=\"color: #00ccff;\"><i>Le pi\u00e8ge, c\u2019est peut-\u00eatre de vouloir trop en faire\u2026 De partir trop vite dans une d\u00e9marche de haut niveau. Il est important de garder cette notion de plaisir, surtout dans notre sport de glisse\u00a0! Il faut donc d\u00e9valer un maximum d\u2019eaux vives \u00e0 cet \u00e2ge-l\u00e0 pour acqu\u00e9rir les bons automatismes.<\/i><\/span><\/p>\n<p><a href=\"http:\/\/lannionck.fr\/lck0000\/wordpress\/wp-content\/uploads\/2013\/12\/IMG_5685.jpg\"><img loading=\"lazy\" decoding=\"async\" class=\"size-medium wp-image-1169 aligncenter\" alt=\"IMG_5685\" src=\"http:\/\/lannionck.fr\/lck0000\/wordpress\/wp-content\/uploads\/2013\/12\/IMG_5685-300x200.jpg\" width=\"300\" height=\"200\" srcset=\"https:\/\/lannionck.fr\/lck0000\/wordpress\/wp-content\/uploads\/2013\/12\/IMG_5685-300x200.jpg 300w, https:\/\/lannionck.fr\/lck0000\/wordpress\/wp-content\/uploads\/2013\/12\/IMG_5685-450x300.jpg 450w, https:\/\/lannionck.fr\/lck0000\/wordpress\/wp-content\/uploads\/2013\/12\/IMG_5685.jpg 669w\" sizes=\"(max-width: 300px) 100vw, 300px\" \/><\/a><\/p>\n<p style=\"text-align: justify;\">Ton objectif est de performer au niveau international, o\u00f9 en est-tu par rapport \u00e0 la concurrence\u00a0? Quels sont les adversaires qui t\u2019impressionnent le plus\u00a0? Tes favoris pour le podium mondial\u00a0?<\/p>\n<p style=\"text-align: justify;\"><span style=\"color: #00ccff;\"><i>Il me reste encore un cap \u00e0 passer pour atteindre les podiums internationaux. J\u2019ai atteint 6 fois des finales en coupe du Monde (les 10 premiers), mais je dois encore \u00e9lever mon niveau pour d\u00e9crocher une m\u00e9daille\u00a0! Ceux qui m\u2019impressionnent beaucoup sont ceux qui doublent dans 2 cat\u00e9gories et r\u00e9ussissent \u00e0 ramener une m\u00e9daille dans chaque embarcation. Les favoris pour le podium mondial\u2026 Difficile \u00e0 dire, car beaucoup peuvent y pr\u00e9tendre.<\/i><\/span><\/p>\n<p><a href=\"http:\/\/lannionck.fr\/lck0000\/wordpress\/wp-content\/uploads\/2014\/05\/211px-Logo_JO_d\u00e9t\u00e9_-_Rio_2016.svg_.png\"><img loading=\"lazy\" decoding=\"async\" class=\"size-full wp-image-1482 aligncenter\" alt=\"211px-Logo_JO_d'\u00e9t\u00e9_-_Rio_2016.svg\" src=\"http:\/\/lannionck.fr\/lck0000\/wordpress\/wp-content\/uploads\/2014\/05\/211px-Logo_JO_d\u00e9t\u00e9_-_Rio_2016.svg_.png\" width=\"211\" height=\"266\" \/><\/a><\/p>\n<p style=\"text-align: justify;\">Allez, on va finir par un r\u00eave qui pourrait bien devenir r\u00e9alit\u00e9. \u00a08 aout 2016, tu es au d\u00e9part de la finale des JO. L\u2019allemand Tasiadis vient de sortir un chrono \u00e9norme, ne reste plus que toi au d\u00e9part\u2026. Bip-Bip-Bip\u2026, raconte-nous la suite\u2026<\/p>\n<p><span style=\"color: #00ccff;\"><i>Un bon sprint de d\u00e9part, je claque le premier stop et je me r\u00e9gale jusqu\u2019en bas\u00a0!\u00a0\ud83d\ude09<\/i><\/span><\/p>\n","protected":false},"excerpt":{"rendered":"<p>Dans moins de trois jours, les meilleurs Lannionais vont d\u00e9buter une des comp\u00e9titions les plus importantes de la saison, les s\u00e9lections de l&rsquo;\u00e9quipe de France. Jonathan Marc est un des principaux pr\u00e9tendants \u00e0 la s\u00e9lection dans la cat\u00e9gorie C1H, nous vous proposons de faire plus ample connaissance avec lui, en lisant la troisi\u00e8me partie de <a href=\"https:\/\/lannionck.fr\/lck0000\/wordpress\/interview-de-jonathan-marc-saison-2014-et-avenir\/\" rel=\"nofollow\"><span class=\"sr-only\">En savoir plus surInterview de Jonathan Marc : saison 2014 et avenir&#8230;<\/span>[&hellip;]<\/a><\/p>\n","protected":false},"author":14,"featured_media":0,"comment_status":"closed","ping_status":"open","sticky":false,"template":"","format":"standard","meta":{"footnotes":""},"categories":[1],"tags":[148,106,82,105,103],"class_list":["post-1473","post","type-post","status-publish","format-standard","hentry","category-non-classe","tag-competition","tag-interview","tag-jonathan","tag-marc","tag-slalom"],"yoast_head":"<!-- This site is optimized with the Yoast SEO plugin v28.2 - https:\/\/yoast.com\/product\/yoast-seo-wordpress\/ -->\n<title>Interview de Jonathan Marc : saison 2014 et avenir... - Lannion Cano\u00eb-Kayak<\/title>\n<meta name=\"robots\" content=\"index, follow, max-snippet:-1, max-image-preview:large, max-video-preview:-1\" \/>\n<link rel=\"canonical\" href=\"https:\/\/lannionck.fr\/lck0000\/wordpress\/interview-de-jonathan-marc-saison-2014-et-avenir\/\" \/>\n<meta property=\"og:locale\" content=\"fr_FR\" \/>\n<meta property=\"og:type\" content=\"article\" \/>\n<meta property=\"og:title\" content=\"Interview de Jonathan Marc : saison 2014 et avenir... - Lannion Cano\u00eb-Kayak\" \/>\n<meta property=\"og:description\" content=\"Dans moins de trois jours, les meilleurs Lannionais vont d\u00e9buter une des comp\u00e9titions les plus importantes de la saison, les s\u00e9lections de l&rsquo;\u00e9quipe de France. Jonathan Marc est un des principaux pr\u00e9tendants \u00e0 la s\u00e9lection dans la cat\u00e9gorie C1H, nous vous proposons de faire plus ample connaissance avec lui, en lisant la troisi\u00e8me partie de En savoir plus surInterview de Jonathan Marc : saison 2014 et avenir&#8230;[&hellip;]\" \/>\n<meta property=\"og:url\" content=\"https:\/\/lannionck.fr\/lck0000\/wordpress\/interview-de-jonathan-marc-saison-2014-et-avenir\/\" \/>\n<meta property=\"og:site_name\" content=\"Lannion Cano\u00eb-Kayak\" \/>\n<meta property=\"article:published_time\" content=\"2014-05-11T22:34:41+00:00\" \/>\n<meta property=\"article:modified_time\" content=\"2019-06-21T17:51:57+00:00\" \/>\n<meta property=\"og:image\" content=\"https:\/\/lannionck.fr\/lck0000\/wordpress\/wp-content\/uploads\/2014\/04\/10177887_836236573056339_5776782727142820411_n.jpg\" \/>\n\t<meta property=\"og:image:width\" content=\"960\" \/>\n\t<meta property=\"og:image:height\" content=\"720\" \/>\n\t<meta property=\"og:image:type\" content=\"image\/jpeg\" \/>\n<meta name=\"author\" content=\"Ronan\" \/>\n<meta name=\"twitter:card\" content=\"summary_large_image\" \/>\n<meta name=\"twitter:label1\" content=\"\u00c9crit par\" \/>\n\t<meta name=\"twitter:data1\" content=\"Ronan\" \/>\n\t<meta name=\"twitter:label2\" content=\"Dur\u00e9e de lecture estim\u00e9e\" \/>\n\t<meta name=\"twitter:data2\" content=\"5 minutes\" \/>\n<script type=\"application\/ld+json\" class=\"yoast-schema-graph\">{\"@context\":\"https:\\\/\\\/schema.org\",\"@graph\":[{\"@type\":\"Article\",\"@id\":\"https:\\\/\\\/lannionck.fr\\\/lck0000\\\/wordpress\\\/interview-de-jonathan-marc-saison-2014-et-avenir\\\/#article\",\"isPartOf\":{\"@id\":\"https:\\\/\\\/lannionck.fr\\\/lck0000\\\/wordpress\\\/interview-de-jonathan-marc-saison-2014-et-avenir\\\/\"},\"author\":{\"name\":\"Ronan\",\"@id\":\"https:\\\/\\\/lannionck.fr\\\/lck0000\\\/wordpress\\\/#\\\/schema\\\/person\\\/0caf180a95e31d19b4d61d0e0f52b75f\"},\"headline\":\"Interview de Jonathan Marc : saison 2014 et avenir&#8230;\",\"datePublished\":\"2014-05-11T22:34:41+00:00\",\"dateModified\":\"2019-06-21T17:51:57+00:00\",\"mainEntityOfPage\":{\"@id\":\"https:\\\/\\\/lannionck.fr\\\/lck0000\\\/wordpress\\\/interview-de-jonathan-marc-saison-2014-et-avenir\\\/\"},\"wordCount\":971,\"publisher\":{\"@id\":\"https:\\\/\\\/lannionck.fr\\\/lck0000\\\/wordpress\\\/#organization\"},\"image\":{\"@id\":\"https:\\\/\\\/lannionck.fr\\\/lck0000\\\/wordpress\\\/interview-de-jonathan-marc-saison-2014-et-avenir\\\/#primaryimage\"},\"thumbnailUrl\":\"http:\\\/\\\/lannionck.fr\\\/lck0000\\\/wordpress\\\/wp-content\\\/uploads\\\/2014\\\/04\\\/10177887_836236573056339_5776782727142820411_n-300x225.jpg\",\"keywords\":[\"Comp\u00e9tition\",\"interview\",\"Jonathan\",\"Marc\",\"slalom\"],\"inLanguage\":\"fr-FR\"},{\"@type\":\"WebPage\",\"@id\":\"https:\\\/\\\/lannionck.fr\\\/lck0000\\\/wordpress\\\/interview-de-jonathan-marc-saison-2014-et-avenir\\\/\",\"url\":\"https:\\\/\\\/lannionck.fr\\\/lck0000\\\/wordpress\\\/interview-de-jonathan-marc-saison-2014-et-avenir\\\/\",\"name\":\"Interview de Jonathan Marc : saison 2014 et avenir... - Lannion Cano\u00eb-Kayak\",\"isPartOf\":{\"@id\":\"https:\\\/\\\/lannionck.fr\\\/lck0000\\\/wordpress\\\/#website\"},\"primaryImageOfPage\":{\"@id\":\"https:\\\/\\\/lannionck.fr\\\/lck0000\\\/wordpress\\\/interview-de-jonathan-marc-saison-2014-et-avenir\\\/#primaryimage\"},\"image\":{\"@id\":\"https:\\\/\\\/lannionck.fr\\\/lck0000\\\/wordpress\\\/interview-de-jonathan-marc-saison-2014-et-avenir\\\/#primaryimage\"},\"thumbnailUrl\":\"http:\\\/\\\/lannionck.fr\\\/lck0000\\\/wordpress\\\/wp-content\\\/uploads\\\/2014\\\/04\\\/10177887_836236573056339_5776782727142820411_n-300x225.jpg\",\"datePublished\":\"2014-05-11T22:34:41+00:00\",\"dateModified\":\"2019-06-21T17:51:57+00:00\",\"breadcrumb\":{\"@id\":\"https:\\\/\\\/lannionck.fr\\\/lck0000\\\/wordpress\\\/interview-de-jonathan-marc-saison-2014-et-avenir\\\/#breadcrumb\"},\"inLanguage\":\"fr-FR\",\"potentialAction\":[{\"@type\":\"ReadAction\",\"target\":[\"https:\\\/\\\/lannionck.fr\\\/lck0000\\\/wordpress\\\/interview-de-jonathan-marc-saison-2014-et-avenir\\\/\"]}]},{\"@type\":\"ImageObject\",\"inLanguage\":\"fr-FR\",\"@id\":\"https:\\\/\\\/lannionck.fr\\\/lck0000\\\/wordpress\\\/interview-de-jonathan-marc-saison-2014-et-avenir\\\/#primaryimage\",\"url\":\"https:\\\/\\\/lannionck.fr\\\/lck0000\\\/wordpress\\\/wp-content\\\/uploads\\\/2014\\\/04\\\/10177887_836236573056339_5776782727142820411_n.jpg\",\"contentUrl\":\"https:\\\/\\\/lannionck.fr\\\/lck0000\\\/wordpress\\\/wp-content\\\/uploads\\\/2014\\\/04\\\/10177887_836236573056339_5776782727142820411_n.jpg\",\"width\":960,\"height\":720},{\"@type\":\"BreadcrumbList\",\"@id\":\"https:\\\/\\\/lannionck.fr\\\/lck0000\\\/wordpress\\\/interview-de-jonathan-marc-saison-2014-et-avenir\\\/#breadcrumb\",\"itemListElement\":[{\"@type\":\"ListItem\",\"position\":1,\"name\":\"Accueil\",\"item\":\"https:\\\/\\\/lannionck.fr\\\/lck0000\\\/wordpress\\\/\"},{\"@type\":\"ListItem\",\"position\":2,\"name\":\"Interview de Jonathan Marc : saison 2014 et avenir&#8230;\"}]},{\"@type\":\"WebSite\",\"@id\":\"https:\\\/\\\/lannionck.fr\\\/lck0000\\\/wordpress\\\/#website\",\"url\":\"https:\\\/\\\/lannionck.fr\\\/lck0000\\\/wordpress\\\/\",\"name\":\"Lannion Cano\u00eb Kayak\",\"description\":\"Comp\u00e9tition et Loisirs en C\u00f4tes d&#039;Armor\",\"publisher\":{\"@id\":\"https:\\\/\\\/lannionck.fr\\\/lck0000\\\/wordpress\\\/#organization\"},\"potentialAction\":[{\"@type\":\"SearchAction\",\"target\":{\"@type\":\"EntryPoint\",\"urlTemplate\":\"https:\\\/\\\/lannionck.fr\\\/lck0000\\\/wordpress\\\/?s={search_term_string}\"},\"query-input\":{\"@type\":\"PropertyValueSpecification\",\"valueRequired\":true,\"valueName\":\"search_term_string\"}}],\"inLanguage\":\"fr-FR\"},{\"@type\":\"Organization\",\"@id\":\"https:\\\/\\\/lannionck.fr\\\/lck0000\\\/wordpress\\\/#organization\",\"name\":\"Lannion Cano\u00eb Kayak\",\"url\":\"https:\\\/\\\/lannionck.fr\\\/lck0000\\\/wordpress\\\/\",\"logo\":{\"@type\":\"ImageObject\",\"inLanguage\":\"fr-FR\",\"@id\":\"https:\\\/\\\/lannionck.fr\\\/lck0000\\\/wordpress\\\/#\\\/schema\\\/logo\\\/image\\\/\",\"url\":\"https:\\\/\\\/lannionck.fr\\\/lck0000\\\/wordpress\\\/wp-content\\\/uploads\\\/2026\\\/07\\\/Logo-Club-fond-transparent1.png\",\"contentUrl\":\"https:\\\/\\\/lannionck.fr\\\/lck0000\\\/wordpress\\\/wp-content\\\/uploads\\\/2026\\\/07\\\/Logo-Club-fond-transparent1.png\",\"width\":303,\"height\":301,\"caption\":\"Lannion Cano\u00eb Kayak\"},\"image\":{\"@id\":\"https:\\\/\\\/lannionck.fr\\\/lck0000\\\/wordpress\\\/#\\\/schema\\\/logo\\\/image\\\/\"}},{\"@type\":\"Person\",\"@id\":\"https:\\\/\\\/lannionck.fr\\\/lck0000\\\/wordpress\\\/#\\\/schema\\\/person\\\/0caf180a95e31d19b4d61d0e0f52b75f\",\"name\":\"Ronan\",\"image\":{\"@type\":\"ImageObject\",\"inLanguage\":\"fr-FR\",\"@id\":\"https:\\\/\\\/secure.gravatar.com\\\/avatar\\\/1e545fa102a3cf1c069871f1fdf60b5d283fa5375ccfc94bbcf17124617f819f?s=96&d=mm&r=g\",\"url\":\"https:\\\/\\\/secure.gravatar.com\\\/avatar\\\/1e545fa102a3cf1c069871f1fdf60b5d283fa5375ccfc94bbcf17124617f819f?s=96&d=mm&r=g\",\"contentUrl\":\"https:\\\/\\\/secure.gravatar.com\\\/avatar\\\/1e545fa102a3cf1c069871f1fdf60b5d283fa5375ccfc94bbcf17124617f819f?s=96&d=mm&r=g\",\"caption\":\"Ronan\"},\"url\":\"https:\\\/\\\/lannionck.fr\\\/lck0000\\\/wordpress\\\/author\\\/ronan\\\/\"}]}<\/script>\n<!-- \/ Yoast SEO plugin. -->","yoast_head_json":{"title":"Interview de Jonathan Marc : saison 2014 et avenir... - Lannion Cano\u00eb-Kayak","robots":{"index":"index","follow":"follow","max-snippet":"max-snippet:-1","max-image-preview":"max-image-preview:large","max-video-preview":"max-video-preview:-1"},"canonical":"https:\/\/lannionck.fr\/lck0000\/wordpress\/interview-de-jonathan-marc-saison-2014-et-avenir\/","og_locale":"fr_FR","og_type":"article","og_title":"Interview de Jonathan Marc : saison 2014 et avenir... - Lannion Cano\u00eb-Kayak","og_description":"Dans moins de trois jours, les meilleurs Lannionais vont d\u00e9buter une des comp\u00e9titions les plus importantes de la saison, les s\u00e9lections de l&rsquo;\u00e9quipe de France. Jonathan Marc est un des principaux pr\u00e9tendants \u00e0 la s\u00e9lection dans la cat\u00e9gorie C1H, nous vous proposons de faire plus ample connaissance avec lui, en lisant la troisi\u00e8me partie de En savoir plus surInterview de Jonathan Marc : saison 2014 et avenir&#8230;[&hellip;]","og_url":"https:\/\/lannionck.fr\/lck0000\/wordpress\/interview-de-jonathan-marc-saison-2014-et-avenir\/","og_site_name":"Lannion Cano\u00eb-Kayak","article_published_time":"2014-05-11T22:34:41+00:00","article_modified_time":"2019-06-21T17:51:57+00:00","og_image":[{"width":960,"height":720,"url":"https:\/\/lannionck.fr\/lck0000\/wordpress\/wp-content\/uploads\/2014\/04\/10177887_836236573056339_5776782727142820411_n.jpg","type":"image\/jpeg"}],"author":"Ronan","twitter_card":"summary_large_image","twitter_misc":{"\u00c9crit par":"Ronan","Dur\u00e9e de lecture estim\u00e9e":"5 minutes"},"schema":{"@context":"https:\/\/schema.org","@graph":[{"@type":"Article","@id":"https:\/\/lannionck.fr\/lck0000\/wordpress\/interview-de-jonathan-marc-saison-2014-et-avenir\/#article","isPartOf":{"@id":"https:\/\/lannionck.fr\/lck0000\/wordpress\/interview-de-jonathan-marc-saison-2014-et-avenir\/"},"author":{"name":"Ronan","@id":"https:\/\/lannionck.fr\/lck0000\/wordpress\/#\/schema\/person\/0caf180a95e31d19b4d61d0e0f52b75f"},"headline":"Interview de Jonathan Marc : saison 2014 et avenir&#8230;","datePublished":"2014-05-11T22:34:41+00:00","dateModified":"2019-06-21T17:51:57+00:00","mainEntityOfPage":{"@id":"https:\/\/lannionck.fr\/lck0000\/wordpress\/interview-de-jonathan-marc-saison-2014-et-avenir\/"},"wordCount":971,"publisher":{"@id":"https:\/\/lannionck.fr\/lck0000\/wordpress\/#organization"},"image":{"@id":"https:\/\/lannionck.fr\/lck0000\/wordpress\/interview-de-jonathan-marc-saison-2014-et-avenir\/#primaryimage"},"thumbnailUrl":"http:\/\/lannionck.fr\/lck0000\/wordpress\/wp-content\/uploads\/2014\/04\/10177887_836236573056339_5776782727142820411_n-300x225.jpg","keywords":["Comp\u00e9tition","interview","Jonathan","Marc","slalom"],"inLanguage":"fr-FR"},{"@type":"WebPage","@id":"https:\/\/lannionck.fr\/lck0000\/wordpress\/interview-de-jonathan-marc-saison-2014-et-avenir\/","url":"https:\/\/lannionck.fr\/lck0000\/wordpress\/interview-de-jonathan-marc-saison-2014-et-avenir\/","name":"Interview de Jonathan Marc : saison 2014 et avenir... - Lannion Cano\u00eb-Kayak","isPartOf":{"@id":"https:\/\/lannionck.fr\/lck0000\/wordpress\/#website"},"primaryImageOfPage":{"@id":"https:\/\/lannionck.fr\/lck0000\/wordpress\/interview-de-jonathan-marc-saison-2014-et-avenir\/#primaryimage"},"image":{"@id":"https:\/\/lannionck.fr\/lck0000\/wordpress\/interview-de-jonathan-marc-saison-2014-et-avenir\/#primaryimage"},"thumbnailUrl":"http:\/\/lannionck.fr\/lck0000\/wordpress\/wp-content\/uploads\/2014\/04\/10177887_836236573056339_5776782727142820411_n-300x225.jpg","datePublished":"2014-05-11T22:34:41+00:00","dateModified":"2019-06-21T17:51:57+00:00","breadcrumb":{"@id":"https:\/\/lannionck.fr\/lck0000\/wordpress\/interview-de-jonathan-marc-saison-2014-et-avenir\/#breadcrumb"},"inLanguage":"fr-FR","potentialAction":[{"@type":"ReadAction","target":["https:\/\/lannionck.fr\/lck0000\/wordpress\/interview-de-jonathan-marc-saison-2014-et-avenir\/"]}]},{"@type":"ImageObject","inLanguage":"fr-FR","@id":"https:\/\/lannionck.fr\/lck0000\/wordpress\/interview-de-jonathan-marc-saison-2014-et-avenir\/#primaryimage","url":"https:\/\/lannionck.fr\/lck0000\/wordpress\/wp-content\/uploads\/2014\/04\/10177887_836236573056339_5776782727142820411_n.jpg","contentUrl":"https:\/\/lannionck.fr\/lck0000\/wordpress\/wp-content\/uploads\/2014\/04\/10177887_836236573056339_5776782727142820411_n.jpg","width":960,"height":720},{"@type":"BreadcrumbList","@id":"https:\/\/lannionck.fr\/lck0000\/wordpress\/interview-de-jonathan-marc-saison-2014-et-avenir\/#breadcrumb","itemListElement":[{"@type":"ListItem","position":1,"name":"Accueil","item":"https:\/\/lannionck.fr\/lck0000\/wordpress\/"},{"@type":"ListItem","position":2,"name":"Interview de Jonathan Marc : saison 2014 et avenir&#8230;"}]},{"@type":"WebSite","@id":"https:\/\/lannionck.fr\/lck0000\/wordpress\/#website","url":"https:\/\/lannionck.fr\/lck0000\/wordpress\/","name":"Lannion Cano\u00eb Kayak","description":"Comp\u00e9tition et Loisirs en C\u00f4tes d&#039;Armor","publisher":{"@id":"https:\/\/lannionck.fr\/lck0000\/wordpress\/#organization"},"potentialAction":[{"@type":"SearchAction","target":{"@type":"EntryPoint","urlTemplate":"https:\/\/lannionck.fr\/lck0000\/wordpress\/?s={search_term_string}"},"query-input":{"@type":"PropertyValueSpecification","valueRequired":true,"valueName":"search_term_string"}}],"inLanguage":"fr-FR"},{"@type":"Organization","@id":"https:\/\/lannionck.fr\/lck0000\/wordpress\/#organization","name":"Lannion Cano\u00eb Kayak","url":"https:\/\/lannionck.fr\/lck0000\/wordpress\/","logo":{"@type":"ImageObject","inLanguage":"fr-FR","@id":"https:\/\/lannionck.fr\/lck0000\/wordpress\/#\/schema\/logo\/image\/","url":"https:\/\/lannionck.fr\/lck0000\/wordpress\/wp-content\/uploads\/2026\/07\/Logo-Club-fond-transparent1.png","contentUrl":"https:\/\/lannionck.fr\/lck0000\/wordpress\/wp-content\/uploads\/2026\/07\/Logo-Club-fond-transparent1.png","width":303,"height":301,"caption":"Lannion Cano\u00eb Kayak"},"image":{"@id":"https:\/\/lannionck.fr\/lck0000\/wordpress\/#\/schema\/logo\/image\/"}},{"@type":"Person","@id":"https:\/\/lannionck.fr\/lck0000\/wordpress\/#\/schema\/person\/0caf180a95e31d19b4d61d0e0f52b75f","name":"Ronan","image":{"@type":"ImageObject","inLanguage":"fr-FR","@id":"https:\/\/secure.gravatar.com\/avatar\/1e545fa102a3cf1c069871f1fdf60b5d283fa5375ccfc94bbcf17124617f819f?s=96&d=mm&r=g","url":"https:\/\/secure.gravatar.com\/avatar\/1e545fa102a3cf1c069871f1fdf60b5d283fa5375ccfc94bbcf17124617f819f?s=96&d=mm&r=g","contentUrl":"https:\/\/secure.gravatar.com\/avatar\/1e545fa102a3cf1c069871f1fdf60b5d283fa5375ccfc94bbcf17124617f819f?s=96&d=mm&r=g","caption":"Ronan"},"url":"https:\/\/lannionck.fr\/lck0000\/wordpress\/author\/ronan\/"}]}},"_links":{"self":[{"href":"https:\/\/lannionck.fr\/lck0000\/wordpress\/wp-json\/wp\/v2\/posts\/1473","targetHints":{"allow":["GET"]}}],"collection":[{"href":"https:\/\/lannionck.fr\/lck0000\/wordpress\/wp-json\/wp\/v2\/posts"}],"about":[{"href":"https:\/\/lannionck.fr\/lck0000\/wordpress\/wp-json\/wp\/v2\/types\/post"}],"author":[{"embeddable":true,"href":"https:\/\/lannionck.fr\/lck0000\/wordpress\/wp-json\/wp\/v2\/users\/14"}],"replies":[{"embeddable":true,"href":"https:\/\/lannionck.fr\/lck0000\/wordpress\/wp-json\/wp\/v2\/comments?post=1473"}],"version-history":[{"count":12,"href":"https:\/\/lannionck.fr\/lck0000\/wordpress\/wp-json\/wp\/v2\/posts\/1473\/revisions"}],"predecessor-version":[{"id":3533,"href":"https:\/\/lannionck.fr\/lck0000\/wordpress\/wp-json\/wp\/v2\/posts\/1473\/revisions\/3533"}],"wp:attachment":[{"href":"https:\/\/lannionck.fr\/lck0000\/wordpress\/wp-json\/wp\/v2\/media?parent=1473"}],"wp:term":[{"taxonomy":"category","embeddable":true,"href":"https:\/\/lannionck.fr\/lck0000\/wordpress\/wp-json\/wp\/v2\/categories?post=1473"},{"taxonomy":"post_tag","embeddable":true,"href":"https:\/\/lannionck.fr\/lck0000\/wordpress\/wp-json\/wp\/v2\/tags?post=1473"}],"curies":[{"name":"wp","href":"https:\/\/api.w.org\/{rel}","templated":true}]}}