{"id":4046,"date":"2019-03-29T19:22:37","date_gmt":"2019-03-29T18:22:37","guid":{"rendered":"http:\/\/lannionck.fr\/?p=3681"},"modified":"2019-06-26T17:21:00","modified_gmt":"2019-06-26T16:21:00","slug":"porte-ouverte-et-session-de-printemps","status":"publish","type":"post","link":"https:\/\/lannionck.fr\/lck0000\/wordpress\/porte-ouverte-et-session-de-printemps\/","title":{"rendered":"Porte ouverte et session de printemps"},"content":{"rendered":"<p>Venez d\u00e9couvrir les activit\u00e9s du club et de la base sport nature, samedi 30 mars, de 14h \u00e0 18h.<\/p>\n<p>Cette journ\u00e9e permet \u00e9galement de lancer la saison de printemps. Si vous souhaitez d\u00e9couvrir ou rependre les activit\u00e9 du club, venez b\u00e9n\u00e9ficier d&rsquo;un tarif d\u00a0\u00bbadh\u00e9sion de mi-saison (avril-ao\u00fbt)\u00a0 et profitez de conditions id\u00e9ales pour d\u00e9buter !<\/p>\n<ul>\n<li>Ecole de pagaie pour les 8-16 ans, le samedi et mercredi apr\u00e8s midi (13h45-15h30).<\/li>\n<li>Loisir sportif (eau vive, kayak polo, surf, etc) le mardi soir pour \u00ab\u00a0jeunes\u00a0\u00bb adultes (18h-20h)<\/li>\n<li>Loisir le dimanche matin avec sorties en mer et rivi\u00e9re (9h-12h, \u00e0 partir de 18ans).<\/li>\n<\/ul>\n<p>Renseignements :\u00a0<strong>lannionck2210@gmail.com \/\u00a0<\/strong><strong>06.38.05.13.40<\/strong><\/p>\n","protected":false},"excerpt":{"rendered":"<p>Venez d\u00e9couvrir les activit\u00e9s du club et de la base sport nature, samedi 30 mars, de 14h \u00e0 18h. Cette journ\u00e9e permet \u00e9galement de lancer la saison de printemps. Si vous souhaitez d\u00e9couvrir ou rependre les activit\u00e9 du club, venez b\u00e9n\u00e9ficier d&rsquo;un tarif d\u00a0\u00bbadh\u00e9sion de mi-saison (avril-ao\u00fbt)\u00a0 et profitez de conditions id\u00e9ales pour d\u00e9buter ! <a href=\"https:\/\/lannionck.fr\/lck0000\/wordpress\/porte-ouverte-et-session-de-printemps\/\" rel=\"nofollow\"><span class=\"sr-only\">En savoir plus surPorte ouverte et session de printemps<\/span>[&hellip;]<\/a><\/p>\n","protected":false},"author":14,"featured_media":4181,"comment_status":"closed","ping_status":"closed","sticky":false,"template":"template-article.php","format":"standard","meta":{"footnotes":""},"categories":[6,7],"tags":[],"class_list":["post-4046","post","type-post","status-publish","format-standard","has-post-thumbnail","hentry","category-la-competition","category-le-loisir"],"yoast_head":"<!-- This site is optimized with the Yoast SEO plugin v28.2 - https:\/\/yoast.com\/product\/yoast-seo-wordpress\/ -->\n<title>Porte ouverte et session de printemps - Lannion Cano\u00eb-Kayak<\/title>\n<meta name=\"robots\" content=\"index, follow, max-snippet:-1, max-image-preview:large, max-video-preview:-1\" \/>\n<link rel=\"canonical\" href=\"https:\/\/lannionck.fr\/lck0000\/wordpress\/porte-ouverte-et-session-de-printemps\/\" \/>\n<meta property=\"og:locale\" content=\"fr_FR\" \/>\n<meta property=\"og:type\" content=\"article\" \/>\n<meta property=\"og:title\" content=\"Porte ouverte et session de printemps - Lannion Cano\u00eb-Kayak\" \/>\n<meta property=\"og:description\" content=\"Venez d\u00e9couvrir les activit\u00e9s du club et de la base sport nature, samedi 30 mars, de 14h \u00e0 18h. Cette journ\u00e9e permet \u00e9galement de lancer la saison de printemps. Si vous souhaitez d\u00e9couvrir ou rependre les activit\u00e9 du club, venez b\u00e9n\u00e9ficier d&rsquo;un tarif d\u00a0\u00bbadh\u00e9sion de mi-saison (avril-ao\u00fbt)\u00a0 et profitez de conditions id\u00e9ales pour d\u00e9buter ! En savoir plus surPorte ouverte et session de printemps[&hellip;]\" \/>\n<meta property=\"og:url\" content=\"https:\/\/lannionck.fr\/lck0000\/wordpress\/porte-ouverte-et-session-de-printemps\/\" \/>\n<meta property=\"og:site_name\" content=\"Lannion Cano\u00eb-Kayak\" \/>\n<meta property=\"article:published_time\" content=\"2019-03-29T18:22:37+00:00\" \/>\n<meta property=\"article:modified_time\" content=\"2019-06-26T16:21:00+00:00\" \/>\n<meta property=\"og:image\" content=\"https:\/\/lannionck.fr\/lck0000\/wordpress\/wp-content\/uploads\/2019\/03\/51095834_2187109368204860_8933623754836148224_o-1.jpg\" \/>\n\t<meta property=\"og:image:width\" content=\"1024\" \/>\n\t<meta property=\"og:image:height\" content=\"377\" \/>\n\t<meta property=\"og:image:type\" content=\"image\/jpeg\" \/>\n<meta name=\"author\" content=\"Ronan\" \/>\n<meta name=\"twitter:card\" content=\"summary_large_image\" \/>\n<meta name=\"twitter:label1\" content=\"\u00c9crit par\" \/>\n\t<meta name=\"twitter:data1\" content=\"Ronan\" \/>\n\t<meta name=\"twitter:label2\" content=\"Dur\u00e9e de lecture estim\u00e9e\" \/>\n\t<meta name=\"twitter:data2\" content=\"1 minute\" \/>\n<script type=\"application\/ld+json\" class=\"yoast-schema-graph\">{\"@context\":\"https:\\\/\\\/schema.org\",\"@graph\":[{\"@type\":\"Article\",\"@id\":\"https:\\\/\\\/lannionck.fr\\\/lck0000\\\/wordpress\\\/porte-ouverte-et-session-de-printemps\\\/#article\",\"isPartOf\":{\"@id\":\"https:\\\/\\\/lannionck.fr\\\/lck0000\\\/wordpress\\\/porte-ouverte-et-session-de-printemps\\\/\"},\"author\":{\"name\":\"Ronan\",\"@id\":\"https:\\\/\\\/lannionck.fr\\\/lck0000\\\/wordpress\\\/#\\\/schema\\\/person\\\/0caf180a95e31d19b4d61d0e0f52b75f\"},\"headline\":\"Porte ouverte et session de printemps\",\"datePublished\":\"2019-03-29T18:22:37+00:00\",\"dateModified\":\"2019-06-26T16:21:00+00:00\",\"mainEntityOfPage\":{\"@id\":\"https:\\\/\\\/lannionck.fr\\\/lck0000\\\/wordpress\\\/porte-ouverte-et-session-de-printemps\\\/\"},\"wordCount\":122,\"publisher\":{\"@id\":\"https:\\\/\\\/lannionck.fr\\\/lck0000\\\/wordpress\\\/#organization\"},\"image\":{\"@id\":\"https:\\\/\\\/lannionck.fr\\\/lck0000\\\/wordpress\\\/porte-ouverte-et-session-de-printemps\\\/#primaryimage\"},\"thumbnailUrl\":\"https:\\\/\\\/lannionck.fr\\\/lck0000\\\/wordpress\\\/wp-content\\\/uploads\\\/2019\\\/03\\\/51095834_2187109368204860_8933623754836148224_o-1.jpg\",\"articleSection\":[\"La Comp\u00e9tition\",\"Le Loisir\"],\"inLanguage\":\"fr-FR\"},{\"@type\":\"WebPage\",\"@id\":\"https:\\\/\\\/lannionck.fr\\\/lck0000\\\/wordpress\\\/porte-ouverte-et-session-de-printemps\\\/\",\"url\":\"https:\\\/\\\/lannionck.fr\\\/lck0000\\\/wordpress\\\/porte-ouverte-et-session-de-printemps\\\/\",\"name\":\"Porte ouverte et session de printemps - Lannion Cano\u00eb-Kayak\",\"isPartOf\":{\"@id\":\"https:\\\/\\\/lannionck.fr\\\/lck0000\\\/wordpress\\\/#website\"},\"primaryImageOfPage\":{\"@id\":\"https:\\\/\\\/lannionck.fr\\\/lck0000\\\/wordpress\\\/porte-ouverte-et-session-de-printemps\\\/#primaryimage\"},\"image\":{\"@id\":\"https:\\\/\\\/lannionck.fr\\\/lck0000\\\/wordpress\\\/porte-ouverte-et-session-de-printemps\\\/#primaryimage\"},\"thumbnailUrl\":\"https:\\\/\\\/lannionck.fr\\\/lck0000\\\/wordpress\\\/wp-content\\\/uploads\\\/2019\\\/03\\\/51095834_2187109368204860_8933623754836148224_o-1.jpg\",\"datePublished\":\"2019-03-29T18:22:37+00:00\",\"dateModified\":\"2019-06-26T16:21:00+00:00\",\"breadcrumb\":{\"@id\":\"https:\\\/\\\/lannionck.fr\\\/lck0000\\\/wordpress\\\/porte-ouverte-et-session-de-printemps\\\/#breadcrumb\"},\"inLanguage\":\"fr-FR\",\"potentialAction\":[{\"@type\":\"ReadAction\",\"target\":[\"https:\\\/\\\/lannionck.fr\\\/lck0000\\\/wordpress\\\/porte-ouverte-et-session-de-printemps\\\/\"]}]},{\"@type\":\"ImageObject\",\"inLanguage\":\"fr-FR\",\"@id\":\"https:\\\/\\\/lannionck.fr\\\/lck0000\\\/wordpress\\\/porte-ouverte-et-session-de-printemps\\\/#primaryimage\",\"url\":\"https:\\\/\\\/lannionck.fr\\\/lck0000\\\/wordpress\\\/wp-content\\\/uploads\\\/2019\\\/03\\\/51095834_2187109368204860_8933623754836148224_o-1.jpg\",\"contentUrl\":\"https:\\\/\\\/lannionck.fr\\\/lck0000\\\/wordpress\\\/wp-content\\\/uploads\\\/2019\\\/03\\\/51095834_2187109368204860_8933623754836148224_o-1.jpg\",\"width\":1024,\"height\":377},{\"@type\":\"BreadcrumbList\",\"@id\":\"https:\\\/\\\/lannionck.fr\\\/lck0000\\\/wordpress\\\/porte-ouverte-et-session-de-printemps\\\/#breadcrumb\",\"itemListElement\":[{\"@type\":\"ListItem\",\"position\":1,\"name\":\"Accueil\",\"item\":\"https:\\\/\\\/lannionck.fr\\\/lck0000\\\/wordpress\\\/\"},{\"@type\":\"ListItem\",\"position\":2,\"name\":\"Porte ouverte et session de printemps\"}]},{\"@type\":\"WebSite\",\"@id\":\"https:\\\/\\\/lannionck.fr\\\/lck0000\\\/wordpress\\\/#website\",\"url\":\"https:\\\/\\\/lannionck.fr\\\/lck0000\\\/wordpress\\\/\",\"name\":\"Lannion Cano\u00eb Kayak\",\"description\":\"Comp\u00e9tition et Loisirs en C\u00f4tes d&#039;Armor\",\"publisher\":{\"@id\":\"https:\\\/\\\/lannionck.fr\\\/lck0000\\\/wordpress\\\/#organization\"},\"potentialAction\":[{\"@type\":\"SearchAction\",\"target\":{\"@type\":\"EntryPoint\",\"urlTemplate\":\"https:\\\/\\\/lannionck.fr\\\/lck0000\\\/wordpress\\\/?s={search_term_string}\"},\"query-input\":{\"@type\":\"PropertyValueSpecification\",\"valueRequired\":true,\"valueName\":\"search_term_string\"}}],\"inLanguage\":\"fr-FR\"},{\"@type\":\"Organization\",\"@id\":\"https:\\\/\\\/lannionck.fr\\\/lck0000\\\/wordpress\\\/#organization\",\"name\":\"Lannion Cano\u00eb Kayak\",\"url\":\"https:\\\/\\\/lannionck.fr\\\/lck0000\\\/wordpress\\\/\",\"logo\":{\"@type\":\"ImageObject\",\"inLanguage\":\"fr-FR\",\"@id\":\"https:\\\/\\\/lannionck.fr\\\/lck0000\\\/wordpress\\\/#\\\/schema\\\/logo\\\/image\\\/\",\"url\":\"https:\\\/\\\/lannionck.fr\\\/lck0000\\\/wordpress\\\/wp-content\\\/uploads\\\/2026\\\/07\\\/Logo-Club-fond-transparent1.png\",\"contentUrl\":\"https:\\\/\\\/lannionck.fr\\\/lck0000\\\/wordpress\\\/wp-content\\\/uploads\\\/2026\\\/07\\\/Logo-Club-fond-transparent1.png\",\"width\":303,\"height\":301,\"caption\":\"Lannion Cano\u00eb Kayak\"},\"image\":{\"@id\":\"https:\\\/\\\/lannionck.fr\\\/lck0000\\\/wordpress\\\/#\\\/schema\\\/logo\\\/image\\\/\"}},{\"@type\":\"Person\",\"@id\":\"https:\\\/\\\/lannionck.fr\\\/lck0000\\\/wordpress\\\/#\\\/schema\\\/person\\\/0caf180a95e31d19b4d61d0e0f52b75f\",\"name\":\"Ronan\",\"image\":{\"@type\":\"ImageObject\",\"inLanguage\":\"fr-FR\",\"@id\":\"https:\\\/\\\/secure.gravatar.com\\\/avatar\\\/1e545fa102a3cf1c069871f1fdf60b5d283fa5375ccfc94bbcf17124617f819f?s=96&d=mm&r=g\",\"url\":\"https:\\\/\\\/secure.gravatar.com\\\/avatar\\\/1e545fa102a3cf1c069871f1fdf60b5d283fa5375ccfc94bbcf17124617f819f?s=96&d=mm&r=g\",\"contentUrl\":\"https:\\\/\\\/secure.gravatar.com\\\/avatar\\\/1e545fa102a3cf1c069871f1fdf60b5d283fa5375ccfc94bbcf17124617f819f?s=96&d=mm&r=g\",\"caption\":\"Ronan\"},\"url\":\"https:\\\/\\\/lannionck.fr\\\/lck0000\\\/wordpress\\\/author\\\/ronan\\\/\"}]}<\/script>\n<!-- \/ Yoast SEO plugin. -->","yoast_head_json":{"title":"Porte ouverte et session de printemps - Lannion Cano\u00eb-Kayak","robots":{"index":"index","follow":"follow","max-snippet":"max-snippet:-1","max-image-preview":"max-image-preview:large","max-video-preview":"max-video-preview:-1"},"canonical":"https:\/\/lannionck.fr\/lck0000\/wordpress\/porte-ouverte-et-session-de-printemps\/","og_locale":"fr_FR","og_type":"article","og_title":"Porte ouverte et session de printemps - Lannion Cano\u00eb-Kayak","og_description":"Venez d\u00e9couvrir les activit\u00e9s du club et de la base sport nature, samedi 30 mars, de 14h \u00e0 18h. Cette journ\u00e9e permet \u00e9galement de lancer la saison de printemps. Si vous souhaitez d\u00e9couvrir ou rependre les activit\u00e9 du club, venez b\u00e9n\u00e9ficier d&rsquo;un tarif d\u00a0\u00bbadh\u00e9sion de mi-saison (avril-ao\u00fbt)\u00a0 et profitez de conditions id\u00e9ales pour d\u00e9buter ! En savoir plus surPorte ouverte et session de printemps[&hellip;]","og_url":"https:\/\/lannionck.fr\/lck0000\/wordpress\/porte-ouverte-et-session-de-printemps\/","og_site_name":"Lannion Cano\u00eb-Kayak","article_published_time":"2019-03-29T18:22:37+00:00","article_modified_time":"2019-06-26T16:21:00+00:00","og_image":[{"width":1024,"height":377,"url":"https:\/\/lannionck.fr\/lck0000\/wordpress\/wp-content\/uploads\/2019\/03\/51095834_2187109368204860_8933623754836148224_o-1.jpg","type":"image\/jpeg"}],"author":"Ronan","twitter_card":"summary_large_image","twitter_misc":{"\u00c9crit par":"Ronan","Dur\u00e9e de lecture estim\u00e9e":"1 minute"},"schema":{"@context":"https:\/\/schema.org","@graph":[{"@type":"Article","@id":"https:\/\/lannionck.fr\/lck0000\/wordpress\/porte-ouverte-et-session-de-printemps\/#article","isPartOf":{"@id":"https:\/\/lannionck.fr\/lck0000\/wordpress\/porte-ouverte-et-session-de-printemps\/"},"author":{"name":"Ronan","@id":"https:\/\/lannionck.fr\/lck0000\/wordpress\/#\/schema\/person\/0caf180a95e31d19b4d61d0e0f52b75f"},"headline":"Porte ouverte et session de printemps","datePublished":"2019-03-29T18:22:37+00:00","dateModified":"2019-06-26T16:21:00+00:00","mainEntityOfPage":{"@id":"https:\/\/lannionck.fr\/lck0000\/wordpress\/porte-ouverte-et-session-de-printemps\/"},"wordCount":122,"publisher":{"@id":"https:\/\/lannionck.fr\/lck0000\/wordpress\/#organization"},"image":{"@id":"https:\/\/lannionck.fr\/lck0000\/wordpress\/porte-ouverte-et-session-de-printemps\/#primaryimage"},"thumbnailUrl":"https:\/\/lannionck.fr\/lck0000\/wordpress\/wp-content\/uploads\/2019\/03\/51095834_2187109368204860_8933623754836148224_o-1.jpg","articleSection":["La Comp\u00e9tition","Le Loisir"],"inLanguage":"fr-FR"},{"@type":"WebPage","@id":"https:\/\/lannionck.fr\/lck0000\/wordpress\/porte-ouverte-et-session-de-printemps\/","url":"https:\/\/lannionck.fr\/lck0000\/wordpress\/porte-ouverte-et-session-de-printemps\/","name":"Porte ouverte et session de printemps - Lannion Cano\u00eb-Kayak","isPartOf":{"@id":"https:\/\/lannionck.fr\/lck0000\/wordpress\/#website"},"primaryImageOfPage":{"@id":"https:\/\/lannionck.fr\/lck0000\/wordpress\/porte-ouverte-et-session-de-printemps\/#primaryimage"},"image":{"@id":"https:\/\/lannionck.fr\/lck0000\/wordpress\/porte-ouverte-et-session-de-printemps\/#primaryimage"},"thumbnailUrl":"https:\/\/lannionck.fr\/lck0000\/wordpress\/wp-content\/uploads\/2019\/03\/51095834_2187109368204860_8933623754836148224_o-1.jpg","datePublished":"2019-03-29T18:22:37+00:00","dateModified":"2019-06-26T16:21:00+00:00","breadcrumb":{"@id":"https:\/\/lannionck.fr\/lck0000\/wordpress\/porte-ouverte-et-session-de-printemps\/#breadcrumb"},"inLanguage":"fr-FR","potentialAction":[{"@type":"ReadAction","target":["https:\/\/lannionck.fr\/lck0000\/wordpress\/porte-ouverte-et-session-de-printemps\/"]}]},{"@type":"ImageObject","inLanguage":"fr-FR","@id":"https:\/\/lannionck.fr\/lck0000\/wordpress\/porte-ouverte-et-session-de-printemps\/#primaryimage","url":"https:\/\/lannionck.fr\/lck0000\/wordpress\/wp-content\/uploads\/2019\/03\/51095834_2187109368204860_8933623754836148224_o-1.jpg","contentUrl":"https:\/\/lannionck.fr\/lck0000\/wordpress\/wp-content\/uploads\/2019\/03\/51095834_2187109368204860_8933623754836148224_o-1.jpg","width":1024,"height":377},{"@type":"BreadcrumbList","@id":"https:\/\/lannionck.fr\/lck0000\/wordpress\/porte-ouverte-et-session-de-printemps\/#breadcrumb","itemListElement":[{"@type":"ListItem","position":1,"name":"Accueil","item":"https:\/\/lannionck.fr\/lck0000\/wordpress\/"},{"@type":"ListItem","position":2,"name":"Porte ouverte et session de printemps"}]},{"@type":"WebSite","@id":"https:\/\/lannionck.fr\/lck0000\/wordpress\/#website","url":"https:\/\/lannionck.fr\/lck0000\/wordpress\/","name":"Lannion Cano\u00eb Kayak","description":"Comp\u00e9tition et Loisirs en C\u00f4tes d&#039;Armor","publisher":{"@id":"https:\/\/lannionck.fr\/lck0000\/wordpress\/#organization"},"potentialAction":[{"@type":"SearchAction","target":{"@type":"EntryPoint","urlTemplate":"https:\/\/lannionck.fr\/lck0000\/wordpress\/?s={search_term_string}"},"query-input":{"@type":"PropertyValueSpecification","valueRequired":true,"valueName":"search_term_string"}}],"inLanguage":"fr-FR"},{"@type":"Organization","@id":"https:\/\/lannionck.fr\/lck0000\/wordpress\/#organization","name":"Lannion Cano\u00eb Kayak","url":"https:\/\/lannionck.fr\/lck0000\/wordpress\/","logo":{"@type":"ImageObject","inLanguage":"fr-FR","@id":"https:\/\/lannionck.fr\/lck0000\/wordpress\/#\/schema\/logo\/image\/","url":"https:\/\/lannionck.fr\/lck0000\/wordpress\/wp-content\/uploads\/2026\/07\/Logo-Club-fond-transparent1.png","contentUrl":"https:\/\/lannionck.fr\/lck0000\/wordpress\/wp-content\/uploads\/2026\/07\/Logo-Club-fond-transparent1.png","width":303,"height":301,"caption":"Lannion Cano\u00eb Kayak"},"image":{"@id":"https:\/\/lannionck.fr\/lck0000\/wordpress\/#\/schema\/logo\/image\/"}},{"@type":"Person","@id":"https:\/\/lannionck.fr\/lck0000\/wordpress\/#\/schema\/person\/0caf180a95e31d19b4d61d0e0f52b75f","name":"Ronan","image":{"@type":"ImageObject","inLanguage":"fr-FR","@id":"https:\/\/secure.gravatar.com\/avatar\/1e545fa102a3cf1c069871f1fdf60b5d283fa5375ccfc94bbcf17124617f819f?s=96&d=mm&r=g","url":"https:\/\/secure.gravatar.com\/avatar\/1e545fa102a3cf1c069871f1fdf60b5d283fa5375ccfc94bbcf17124617f819f?s=96&d=mm&r=g","contentUrl":"https:\/\/secure.gravatar.com\/avatar\/1e545fa102a3cf1c069871f1fdf60b5d283fa5375ccfc94bbcf17124617f819f?s=96&d=mm&r=g","caption":"Ronan"},"url":"https:\/\/lannionck.fr\/lck0000\/wordpress\/author\/ronan\/"}]}},"_links":{"self":[{"href":"https:\/\/lannionck.fr\/lck0000\/wordpress\/wp-json\/wp\/v2\/posts\/4046","targetHints":{"allow":["GET"]}}],"collection":[{"href":"https:\/\/lannionck.fr\/lck0000\/wordpress\/wp-json\/wp\/v2\/posts"}],"about":[{"href":"https:\/\/lannionck.fr\/lck0000\/wordpress\/wp-json\/wp\/v2\/types\/post"}],"author":[{"embeddable":true,"href":"https:\/\/lannionck.fr\/lck0000\/wordpress\/wp-json\/wp\/v2\/users\/14"}],"replies":[{"embeddable":true,"href":"https:\/\/lannionck.fr\/lck0000\/wordpress\/wp-json\/wp\/v2\/comments?post=4046"}],"version-history":[{"count":2,"href":"https:\/\/lannionck.fr\/lck0000\/wordpress\/wp-json\/wp\/v2\/posts\/4046\/revisions"}],"predecessor-version":[{"id":4182,"href":"https:\/\/lannionck.fr\/lck0000\/wordpress\/wp-json\/wp\/v2\/posts\/4046\/revisions\/4182"}],"wp:featuredmedia":[{"embeddable":true,"href":"https:\/\/lannionck.fr\/lck0000\/wordpress\/wp-json\/wp\/v2\/media\/4181"}],"wp:attachment":[{"href":"https:\/\/lannionck.fr\/lck0000\/wordpress\/wp-json\/wp\/v2\/media?parent=4046"}],"wp:term":[{"taxonomy":"category","embeddable":true,"href":"https:\/\/lannionck.fr\/lck0000\/wordpress\/wp-json\/wp\/v2\/categories?post=4046"},{"taxonomy":"post_tag","embeddable":true,"href":"https:\/\/lannionck.fr\/lck0000\/wordpress\/wp-json\/wp\/v2\/tags?post=4046"}],"curies":[{"name":"wp","href":"https:\/\/api.w.org\/{rel}","templated":true}]}}