{"id":4388,"date":"2019-11-05T21:33:45","date_gmt":"2019-11-05T20:33:45","guid":{"rendered":"http:\/\/lannionck.fr\/lck0000\/wordpress\/?p=4388"},"modified":"2019-11-15T18:26:45","modified_gmt":"2019-11-15T17:26:45","slug":"resultats-double-regionale-cesson-sevigne-12-13-octobre-2019","status":"publish","type":"post","link":"https:\/\/lannionck.fr\/lck0000\/wordpress\/resultats-double-regionale-cesson-sevigne-12-13-octobre-2019\/","title":{"rendered":"R\u00e9sultats Double R\u00e9gionale &#8211; Cesson S\u00e9vign\u00e9 (12 &#038; 13 octobre 2019"},"content":{"rendered":"\t\t<div data-elementor-type=\"wp-post\" data-elementor-id=\"4388\" class=\"elementor elementor-4388\">\n\t\t\t\t\t\t<section class=\"elementor-section elementor-top-section elementor-element elementor-element-56cc146e elementor-section-boxed elementor-section-height-default elementor-section-height-default\" data-id=\"56cc146e\" data-element_type=\"section\" data-e-type=\"section\">\n\t\t\t\t\t\t<div class=\"elementor-container elementor-column-gap-default\">\n\t\t\t\t\t<div class=\"elementor-column elementor-col-100 elementor-top-column elementor-element elementor-element-1d30448c\" data-id=\"1d30448c\" data-element_type=\"column\" data-e-type=\"column\">\n\t\t\t<div class=\"elementor-widget-wrap elementor-element-populated\">\n\t\t\t\t\t\t<div class=\"elementor-element elementor-element-355c4f61 elementor-widget elementor-widget-text-editor\" data-id=\"355c4f61\" data-element_type=\"widget\" data-e-type=\"widget\" data-widget_type=\"text-editor.default\">\n\t\t\t\t<div class=\"elementor-widget-container\">\n\t\t\t\t\t\t\t\t\t<p><\/p>\n<p class=\"wp-block-paragraph\">Le week-end du 12 et 13 octobre avait lieu, sur le stade d\u2019eau vive de Cesson-S\u00e9vign\u00e9 2 courses r\u00e9gionales. C\u2019\u00e9tait \u00e9galement la reprise de la saison 2019-2020 pour les 29 slalomeurs et 2 juges Lannionnais.<\/p>\n<p><\/p>\n<p class=\"wp-block-paragraph\">Les jeunes du club notamment les minimes se sont bien illustr\u00e9s.<\/p>\n<p><\/p>\n<h3>Les principaux r\u00e9sultats du samedi\u00a0:\u00a0<\/h3>\n<p class=\"Textbody wp-block-paragraph\">Cano\u00eb Monoplace Dame Minime : L\u00e9na Qu\u00e9merais 1\u00e8re<\/p>\n<p class=\"Textbody\">Cano\u00eb Monoplace Homme minime :\u00a0Martin Cornu : 2\u00e8me,\u00a0L\u00e9nny D\u00e9rrien : 4\u00e8me,\u00a0Jonas Le Guen : 5\u00e8me<\/p>\n<p class=\"Textbody\">Kayak Monoplace Dame Minime :\u00a0L\u00e9na Qu\u00e9merais 1\u00e8re<\/p>\n<p class=\"Textbody\">Kayak Monoplace Homme Minime :\u00a0Martin Cornu : 2\u00e8me,\u00a0Milio Le Touze : 4\u00e8me,\u00a0Jonas Le Guen : 11\u00e8me,\u00a0Mat\u00e9o Delachair : 12\u00e8me,\u00a0Lenny D\u00e9rrien : 17\u00e8me<\/p>\n<p class=\"Textbody\"><a href=\"https:\/\/lannionck.fr\/lck0000\/wordpress\/wp-content\/uploads\/2019\/11\/20191013_105909-1-e1573838285967.jpg\"><img decoding=\"async\" class=\"size-medium wp-image-4391 alignright\" src=\"https:\/\/lannionck.fr\/lck0000\/wordpress\/wp-content\/uploads\/2019\/11\/20191013_105909-1-e1573838285967-146x300.jpg\" alt=\"\" width=\"146\" height=\"300\" srcset=\"https:\/\/lannionck.fr\/lck0000\/wordpress\/wp-content\/uploads\/2019\/11\/20191013_105909-1-e1573838285967-146x300.jpg 146w, https:\/\/lannionck.fr\/lck0000\/wordpress\/wp-content\/uploads\/2019\/11\/20191013_105909-1-e1573838285967-768x1580.jpg 768w, https:\/\/lannionck.fr\/lck0000\/wordpress\/wp-content\/uploads\/2019\/11\/20191013_105909-1-e1573838285967-498x1024.jpg 498w, https:\/\/lannionck.fr\/lck0000\/wordpress\/wp-content\/uploads\/2019\/11\/20191013_105909-1-e1573838285967.jpg 2006w\" sizes=\"(max-width: 146px) 100vw, 146px\" \/><\/a><\/p>\n<h3 class=\"Textbody\">Les principaux r\u00e9sultats du dimanche :<\/h3>\n<p class=\"Textbody\">Cano\u00eb Monoplace Dame Minime :\u00a0L\u00e9na Qu\u00e9merais 2\u00e8me<\/p>\n<p class=\"Textbody\">Cano\u00eb Monoplace Homme minime :\u00a0Martin Cornu : 1er,\u00a0Jonas Le Guen : 3\u00e8me<\/p>\n<p class=\"Textbody\">Kayak Monoplace Dame Minime :\u00a0L\u00e9na Qu\u00e9merais 1\u00e8re<\/p>\n<p class=\"Textbody\">Kayak Monoplace Homme Minime :\u00a0Jonas Le Guen : 2\u00e8me,\u00a0Martin Cornu : 3\u00e8me,\u00a0Milio Le Touze : 8\u00e8me,\u00a0Lenny D\u00e9rrien : 13\u00e8me,\u00a0Mat\u00e9o Delachair : 15\u00e8me,\u00a0Florian Manceau : 31\u00e8me<\/p>\n<p><\/p>\t\t\t\t\t\t\t\t<\/div>\n\t\t\t\t<\/div>\n\t\t\t\t\t<\/div>\n\t\t<\/div>\n\t\t\t\t\t<\/div>\n\t\t<\/section>\n\t\t\t\t<\/div>\n\t\t","protected":false},"excerpt":{"rendered":"<p>Le week-end du 12 et 13 octobre avait lieu, sur le stade d\u2019eau vive de Cesson-S\u00e9vign\u00e9 2 courses r\u00e9gionales. C\u2019\u00e9tait \u00e9galement la reprise de la saison 2019-2020 pour les 29 slalomeurs et 2 juges Lannionnais. Les jeunes du club notamment les minimes se sont bien illustr\u00e9s. Les principaux r\u00e9sultats du samedi\u00a0:\u00a0 Cano\u00eb Monoplace Dame Minime <a href=\"https:\/\/lannionck.fr\/lck0000\/wordpress\/resultats-double-regionale-cesson-sevigne-12-13-octobre-2019\/\" rel=\"nofollow\"><span class=\"sr-only\">En savoir plus surR\u00e9sultats Double R\u00e9gionale &#8211; Cesson S\u00e9vign\u00e9 (12 &#038; 13 octobre 2019<\/span>[&hellip;]<\/a><\/p>\n","protected":false},"author":17,"featured_media":0,"comment_status":"closed","ping_status":"closed","sticky":false,"template":"","format":"standard","meta":{"footnotes":""},"categories":[6],"tags":[],"class_list":["post-4388","post","type-post","status-publish","format-standard","hentry","category-la-competition"],"yoast_head":"<!-- This site is optimized with the Yoast SEO plugin v28.2 - https:\/\/yoast.com\/product\/yoast-seo-wordpress\/ -->\n<title>R\u00e9sultats Double R\u00e9gionale - Cesson S\u00e9vign\u00e9 (12 &amp; 13 octobre 2019 - Lannion Cano\u00eb-Kayak<\/title>\n<meta name=\"robots\" content=\"index, follow, max-snippet:-1, max-image-preview:large, max-video-preview:-1\" \/>\n<link rel=\"canonical\" href=\"https:\/\/lannionck.fr\/lck0000\/wordpress\/resultats-double-regionale-cesson-sevigne-12-13-octobre-2019\/\" \/>\n<meta property=\"og:locale\" content=\"fr_FR\" \/>\n<meta property=\"og:type\" content=\"article\" \/>\n<meta property=\"og:title\" content=\"R\u00e9sultats Double R\u00e9gionale - Cesson S\u00e9vign\u00e9 (12 &amp; 13 octobre 2019 - Lannion Cano\u00eb-Kayak\" \/>\n<meta property=\"og:description\" content=\"Le week-end du 12 et 13 octobre avait lieu, sur le stade d\u2019eau vive de Cesson-S\u00e9vign\u00e9 2 courses r\u00e9gionales. C\u2019\u00e9tait \u00e9galement la reprise de la saison 2019-2020 pour les 29 slalomeurs et 2 juges Lannionnais. Les jeunes du club notamment les minimes se sont bien illustr\u00e9s. Les principaux r\u00e9sultats du samedi\u00a0:\u00a0 Cano\u00eb Monoplace Dame Minime En savoir plus surR\u00e9sultats Double R\u00e9gionale &#8211; Cesson S\u00e9vign\u00e9 (12 &#038; 13 octobre 2019[&hellip;]\" \/>\n<meta property=\"og:url\" content=\"https:\/\/lannionck.fr\/lck0000\/wordpress\/resultats-double-regionale-cesson-sevigne-12-13-octobre-2019\/\" \/>\n<meta property=\"og:site_name\" content=\"Lannion Cano\u00eb-Kayak\" \/>\n<meta property=\"article:published_time\" content=\"2019-11-05T20:33:45+00:00\" \/>\n<meta property=\"article:modified_time\" content=\"2019-11-15T17:26:45+00:00\" \/>\n<meta property=\"og:image\" content=\"http:\/\/lannionck.fr\/lck0000\/wordpress\/wp-content\/uploads\/2019\/11\/20191013_105909-1-e1573838285967-146x300.jpg\" \/>\n<meta name=\"author\" content=\"Lannion CK\" \/>\n<meta name=\"twitter:card\" content=\"summary_large_image\" \/>\n<meta name=\"twitter:label1\" content=\"\u00c9crit par\" \/>\n\t<meta name=\"twitter:data1\" content=\"Lannion CK\" \/>\n\t<meta name=\"twitter:label2\" content=\"Dur\u00e9e de lecture estim\u00e9e\" \/>\n\t<meta name=\"twitter:data2\" content=\"1 minute\" \/>\n<script type=\"application\/ld+json\" class=\"yoast-schema-graph\">{\"@context\":\"https:\\\/\\\/schema.org\",\"@graph\":[{\"@type\":\"Article\",\"@id\":\"https:\\\/\\\/lannionck.fr\\\/lck0000\\\/wordpress\\\/resultats-double-regionale-cesson-sevigne-12-13-octobre-2019\\\/#article\",\"isPartOf\":{\"@id\":\"https:\\\/\\\/lannionck.fr\\\/lck0000\\\/wordpress\\\/resultats-double-regionale-cesson-sevigne-12-13-octobre-2019\\\/\"},\"author\":{\"name\":\"Lannion CK\",\"@id\":\"https:\\\/\\\/lannionck.fr\\\/lck0000\\\/wordpress\\\/#\\\/schema\\\/person\\\/b98ee6fdb85b6df3e26654cb011aa63e\"},\"headline\":\"R\u00e9sultats Double R\u00e9gionale &#8211; Cesson S\u00e9vign\u00e9 (12 &#038; 13 octobre 2019\",\"datePublished\":\"2019-11-05T20:33:45+00:00\",\"dateModified\":\"2019-11-15T17:26:45+00:00\",\"mainEntityOfPage\":{\"@id\":\"https:\\\/\\\/lannionck.fr\\\/lck0000\\\/wordpress\\\/resultats-double-regionale-cesson-sevigne-12-13-octobre-2019\\\/\"},\"wordCount\":180,\"publisher\":{\"@id\":\"https:\\\/\\\/lannionck.fr\\\/lck0000\\\/wordpress\\\/#organization\"},\"image\":{\"@id\":\"https:\\\/\\\/lannionck.fr\\\/lck0000\\\/wordpress\\\/resultats-double-regionale-cesson-sevigne-12-13-octobre-2019\\\/#primaryimage\"},\"thumbnailUrl\":\"http:\\\/\\\/lannionck.fr\\\/lck0000\\\/wordpress\\\/wp-content\\\/uploads\\\/2019\\\/11\\\/20191013_105909-1-e1573838285967-146x300.jpg\",\"articleSection\":[\"La Comp\u00e9tition\"],\"inLanguage\":\"fr-FR\"},{\"@type\":\"WebPage\",\"@id\":\"https:\\\/\\\/lannionck.fr\\\/lck0000\\\/wordpress\\\/resultats-double-regionale-cesson-sevigne-12-13-octobre-2019\\\/\",\"url\":\"https:\\\/\\\/lannionck.fr\\\/lck0000\\\/wordpress\\\/resultats-double-regionale-cesson-sevigne-12-13-octobre-2019\\\/\",\"name\":\"R\u00e9sultats Double R\u00e9gionale - Cesson S\u00e9vign\u00e9 (12 & 13 octobre 2019 - Lannion Cano\u00eb-Kayak\",\"isPartOf\":{\"@id\":\"https:\\\/\\\/lannionck.fr\\\/lck0000\\\/wordpress\\\/#website\"},\"primaryImageOfPage\":{\"@id\":\"https:\\\/\\\/lannionck.fr\\\/lck0000\\\/wordpress\\\/resultats-double-regionale-cesson-sevigne-12-13-octobre-2019\\\/#primaryimage\"},\"image\":{\"@id\":\"https:\\\/\\\/lannionck.fr\\\/lck0000\\\/wordpress\\\/resultats-double-regionale-cesson-sevigne-12-13-octobre-2019\\\/#primaryimage\"},\"thumbnailUrl\":\"http:\\\/\\\/lannionck.fr\\\/lck0000\\\/wordpress\\\/wp-content\\\/uploads\\\/2019\\\/11\\\/20191013_105909-1-e1573838285967-146x300.jpg\",\"datePublished\":\"2019-11-05T20:33:45+00:00\",\"dateModified\":\"2019-11-15T17:26:45+00:00\",\"breadcrumb\":{\"@id\":\"https:\\\/\\\/lannionck.fr\\\/lck0000\\\/wordpress\\\/resultats-double-regionale-cesson-sevigne-12-13-octobre-2019\\\/#breadcrumb\"},\"inLanguage\":\"fr-FR\",\"potentialAction\":[{\"@type\":\"ReadAction\",\"target\":[\"https:\\\/\\\/lannionck.fr\\\/lck0000\\\/wordpress\\\/resultats-double-regionale-cesson-sevigne-12-13-octobre-2019\\\/\"]}]},{\"@type\":\"ImageObject\",\"inLanguage\":\"fr-FR\",\"@id\":\"https:\\\/\\\/lannionck.fr\\\/lck0000\\\/wordpress\\\/resultats-double-regionale-cesson-sevigne-12-13-octobre-2019\\\/#primaryimage\",\"url\":\"http:\\\/\\\/lannionck.fr\\\/lck0000\\\/wordpress\\\/wp-content\\\/uploads\\\/2019\\\/11\\\/20191013_105909-1-e1573838285967-146x300.jpg\",\"contentUrl\":\"http:\\\/\\\/lannionck.fr\\\/lck0000\\\/wordpress\\\/wp-content\\\/uploads\\\/2019\\\/11\\\/20191013_105909-1-e1573838285967-146x300.jpg\"},{\"@type\":\"BreadcrumbList\",\"@id\":\"https:\\\/\\\/lannionck.fr\\\/lck0000\\\/wordpress\\\/resultats-double-regionale-cesson-sevigne-12-13-octobre-2019\\\/#breadcrumb\",\"itemListElement\":[{\"@type\":\"ListItem\",\"position\":1,\"name\":\"Accueil\",\"item\":\"https:\\\/\\\/lannionck.fr\\\/lck0000\\\/wordpress\\\/\"},{\"@type\":\"ListItem\",\"position\":2,\"name\":\"R\u00e9sultats Double R\u00e9gionale &#8211; Cesson S\u00e9vign\u00e9 (12 &#038; 13 octobre 2019\"}]},{\"@type\":\"WebSite\",\"@id\":\"https:\\\/\\\/lannionck.fr\\\/lck0000\\\/wordpress\\\/#website\",\"url\":\"https:\\\/\\\/lannionck.fr\\\/lck0000\\\/wordpress\\\/\",\"name\":\"Lannion Cano\u00eb Kayak\",\"description\":\"Comp\u00e9tition et Loisirs en C\u00f4tes d&#039;Armor\",\"publisher\":{\"@id\":\"https:\\\/\\\/lannionck.fr\\\/lck0000\\\/wordpress\\\/#organization\"},\"potentialAction\":[{\"@type\":\"SearchAction\",\"target\":{\"@type\":\"EntryPoint\",\"urlTemplate\":\"https:\\\/\\\/lannionck.fr\\\/lck0000\\\/wordpress\\\/?s={search_term_string}\"},\"query-input\":{\"@type\":\"PropertyValueSpecification\",\"valueRequired\":true,\"valueName\":\"search_term_string\"}}],\"inLanguage\":\"fr-FR\"},{\"@type\":\"Organization\",\"@id\":\"https:\\\/\\\/lannionck.fr\\\/lck0000\\\/wordpress\\\/#organization\",\"name\":\"Lannion Cano\u00eb Kayak\",\"url\":\"https:\\\/\\\/lannionck.fr\\\/lck0000\\\/wordpress\\\/\",\"logo\":{\"@type\":\"ImageObject\",\"inLanguage\":\"fr-FR\",\"@id\":\"https:\\\/\\\/lannionck.fr\\\/lck0000\\\/wordpress\\\/#\\\/schema\\\/logo\\\/image\\\/\",\"url\":\"https:\\\/\\\/lannionck.fr\\\/lck0000\\\/wordpress\\\/wp-content\\\/uploads\\\/2026\\\/07\\\/Logo-Club-fond-transparent1.png\",\"contentUrl\":\"https:\\\/\\\/lannionck.fr\\\/lck0000\\\/wordpress\\\/wp-content\\\/uploads\\\/2026\\\/07\\\/Logo-Club-fond-transparent1.png\",\"width\":303,\"height\":301,\"caption\":\"Lannion Cano\u00eb Kayak\"},\"image\":{\"@id\":\"https:\\\/\\\/lannionck.fr\\\/lck0000\\\/wordpress\\\/#\\\/schema\\\/logo\\\/image\\\/\"}},{\"@type\":\"Person\",\"@id\":\"https:\\\/\\\/lannionck.fr\\\/lck0000\\\/wordpress\\\/#\\\/schema\\\/person\\\/b98ee6fdb85b6df3e26654cb011aa63e\",\"name\":\"Lannion CK\",\"image\":{\"@type\":\"ImageObject\",\"inLanguage\":\"fr-FR\",\"@id\":\"https:\\\/\\\/secure.gravatar.com\\\/avatar\\\/ce87a922ded8e8cd73de140ec7167c1963f4bab4f82e2d70da3e99e7a7c5200f?s=96&d=mm&r=g\",\"url\":\"https:\\\/\\\/secure.gravatar.com\\\/avatar\\\/ce87a922ded8e8cd73de140ec7167c1963f4bab4f82e2d70da3e99e7a7c5200f?s=96&d=mm&r=g\",\"contentUrl\":\"https:\\\/\\\/secure.gravatar.com\\\/avatar\\\/ce87a922ded8e8cd73de140ec7167c1963f4bab4f82e2d70da3e99e7a7c5200f?s=96&d=mm&r=g\",\"caption\":\"Lannion CK\"},\"url\":\"https:\\\/\\\/lannionck.fr\\\/lck0000\\\/wordpress\\\/author\\\/lannion-ck\\\/\"}]}<\/script>\n<!-- \/ Yoast SEO plugin. -->","yoast_head_json":{"title":"R\u00e9sultats Double R\u00e9gionale - Cesson S\u00e9vign\u00e9 (12 & 13 octobre 2019 - Lannion Cano\u00eb-Kayak","robots":{"index":"index","follow":"follow","max-snippet":"max-snippet:-1","max-image-preview":"max-image-preview:large","max-video-preview":"max-video-preview:-1"},"canonical":"https:\/\/lannionck.fr\/lck0000\/wordpress\/resultats-double-regionale-cesson-sevigne-12-13-octobre-2019\/","og_locale":"fr_FR","og_type":"article","og_title":"R\u00e9sultats Double R\u00e9gionale - Cesson S\u00e9vign\u00e9 (12 & 13 octobre 2019 - Lannion Cano\u00eb-Kayak","og_description":"Le week-end du 12 et 13 octobre avait lieu, sur le stade d\u2019eau vive de Cesson-S\u00e9vign\u00e9 2 courses r\u00e9gionales. C\u2019\u00e9tait \u00e9galement la reprise de la saison 2019-2020 pour les 29 slalomeurs et 2 juges Lannionnais. Les jeunes du club notamment les minimes se sont bien illustr\u00e9s. Les principaux r\u00e9sultats du samedi\u00a0:\u00a0 Cano\u00eb Monoplace Dame Minime En savoir plus surR\u00e9sultats Double R\u00e9gionale &#8211; Cesson S\u00e9vign\u00e9 (12 &#038; 13 octobre 2019[&hellip;]","og_url":"https:\/\/lannionck.fr\/lck0000\/wordpress\/resultats-double-regionale-cesson-sevigne-12-13-octobre-2019\/","og_site_name":"Lannion Cano\u00eb-Kayak","article_published_time":"2019-11-05T20:33:45+00:00","article_modified_time":"2019-11-15T17:26:45+00:00","og_image":[{"url":"http:\/\/lannionck.fr\/lck0000\/wordpress\/wp-content\/uploads\/2019\/11\/20191013_105909-1-e1573838285967-146x300.jpg","type":"","width":"","height":""}],"author":"Lannion CK","twitter_card":"summary_large_image","twitter_misc":{"\u00c9crit par":"Lannion CK","Dur\u00e9e de lecture estim\u00e9e":"1 minute"},"schema":{"@context":"https:\/\/schema.org","@graph":[{"@type":"Article","@id":"https:\/\/lannionck.fr\/lck0000\/wordpress\/resultats-double-regionale-cesson-sevigne-12-13-octobre-2019\/#article","isPartOf":{"@id":"https:\/\/lannionck.fr\/lck0000\/wordpress\/resultats-double-regionale-cesson-sevigne-12-13-octobre-2019\/"},"author":{"name":"Lannion CK","@id":"https:\/\/lannionck.fr\/lck0000\/wordpress\/#\/schema\/person\/b98ee6fdb85b6df3e26654cb011aa63e"},"headline":"R\u00e9sultats Double R\u00e9gionale &#8211; Cesson S\u00e9vign\u00e9 (12 &#038; 13 octobre 2019","datePublished":"2019-11-05T20:33:45+00:00","dateModified":"2019-11-15T17:26:45+00:00","mainEntityOfPage":{"@id":"https:\/\/lannionck.fr\/lck0000\/wordpress\/resultats-double-regionale-cesson-sevigne-12-13-octobre-2019\/"},"wordCount":180,"publisher":{"@id":"https:\/\/lannionck.fr\/lck0000\/wordpress\/#organization"},"image":{"@id":"https:\/\/lannionck.fr\/lck0000\/wordpress\/resultats-double-regionale-cesson-sevigne-12-13-octobre-2019\/#primaryimage"},"thumbnailUrl":"http:\/\/lannionck.fr\/lck0000\/wordpress\/wp-content\/uploads\/2019\/11\/20191013_105909-1-e1573838285967-146x300.jpg","articleSection":["La Comp\u00e9tition"],"inLanguage":"fr-FR"},{"@type":"WebPage","@id":"https:\/\/lannionck.fr\/lck0000\/wordpress\/resultats-double-regionale-cesson-sevigne-12-13-octobre-2019\/","url":"https:\/\/lannionck.fr\/lck0000\/wordpress\/resultats-double-regionale-cesson-sevigne-12-13-octobre-2019\/","name":"R\u00e9sultats Double R\u00e9gionale - Cesson S\u00e9vign\u00e9 (12 & 13 octobre 2019 - Lannion Cano\u00eb-Kayak","isPartOf":{"@id":"https:\/\/lannionck.fr\/lck0000\/wordpress\/#website"},"primaryImageOfPage":{"@id":"https:\/\/lannionck.fr\/lck0000\/wordpress\/resultats-double-regionale-cesson-sevigne-12-13-octobre-2019\/#primaryimage"},"image":{"@id":"https:\/\/lannionck.fr\/lck0000\/wordpress\/resultats-double-regionale-cesson-sevigne-12-13-octobre-2019\/#primaryimage"},"thumbnailUrl":"http:\/\/lannionck.fr\/lck0000\/wordpress\/wp-content\/uploads\/2019\/11\/20191013_105909-1-e1573838285967-146x300.jpg","datePublished":"2019-11-05T20:33:45+00:00","dateModified":"2019-11-15T17:26:45+00:00","breadcrumb":{"@id":"https:\/\/lannionck.fr\/lck0000\/wordpress\/resultats-double-regionale-cesson-sevigne-12-13-octobre-2019\/#breadcrumb"},"inLanguage":"fr-FR","potentialAction":[{"@type":"ReadAction","target":["https:\/\/lannionck.fr\/lck0000\/wordpress\/resultats-double-regionale-cesson-sevigne-12-13-octobre-2019\/"]}]},{"@type":"ImageObject","inLanguage":"fr-FR","@id":"https:\/\/lannionck.fr\/lck0000\/wordpress\/resultats-double-regionale-cesson-sevigne-12-13-octobre-2019\/#primaryimage","url":"http:\/\/lannionck.fr\/lck0000\/wordpress\/wp-content\/uploads\/2019\/11\/20191013_105909-1-e1573838285967-146x300.jpg","contentUrl":"http:\/\/lannionck.fr\/lck0000\/wordpress\/wp-content\/uploads\/2019\/11\/20191013_105909-1-e1573838285967-146x300.jpg"},{"@type":"BreadcrumbList","@id":"https:\/\/lannionck.fr\/lck0000\/wordpress\/resultats-double-regionale-cesson-sevigne-12-13-octobre-2019\/#breadcrumb","itemListElement":[{"@type":"ListItem","position":1,"name":"Accueil","item":"https:\/\/lannionck.fr\/lck0000\/wordpress\/"},{"@type":"ListItem","position":2,"name":"R\u00e9sultats Double R\u00e9gionale &#8211; Cesson S\u00e9vign\u00e9 (12 &#038; 13 octobre 2019"}]},{"@type":"WebSite","@id":"https:\/\/lannionck.fr\/lck0000\/wordpress\/#website","url":"https:\/\/lannionck.fr\/lck0000\/wordpress\/","name":"Lannion Cano\u00eb Kayak","description":"Comp\u00e9tition et Loisirs en C\u00f4tes d&#039;Armor","publisher":{"@id":"https:\/\/lannionck.fr\/lck0000\/wordpress\/#organization"},"potentialAction":[{"@type":"SearchAction","target":{"@type":"EntryPoint","urlTemplate":"https:\/\/lannionck.fr\/lck0000\/wordpress\/?s={search_term_string}"},"query-input":{"@type":"PropertyValueSpecification","valueRequired":true,"valueName":"search_term_string"}}],"inLanguage":"fr-FR"},{"@type":"Organization","@id":"https:\/\/lannionck.fr\/lck0000\/wordpress\/#organization","name":"Lannion Cano\u00eb Kayak","url":"https:\/\/lannionck.fr\/lck0000\/wordpress\/","logo":{"@type":"ImageObject","inLanguage":"fr-FR","@id":"https:\/\/lannionck.fr\/lck0000\/wordpress\/#\/schema\/logo\/image\/","url":"https:\/\/lannionck.fr\/lck0000\/wordpress\/wp-content\/uploads\/2026\/07\/Logo-Club-fond-transparent1.png","contentUrl":"https:\/\/lannionck.fr\/lck0000\/wordpress\/wp-content\/uploads\/2026\/07\/Logo-Club-fond-transparent1.png","width":303,"height":301,"caption":"Lannion Cano\u00eb Kayak"},"image":{"@id":"https:\/\/lannionck.fr\/lck0000\/wordpress\/#\/schema\/logo\/image\/"}},{"@type":"Person","@id":"https:\/\/lannionck.fr\/lck0000\/wordpress\/#\/schema\/person\/b98ee6fdb85b6df3e26654cb011aa63e","name":"Lannion CK","image":{"@type":"ImageObject","inLanguage":"fr-FR","@id":"https:\/\/secure.gravatar.com\/avatar\/ce87a922ded8e8cd73de140ec7167c1963f4bab4f82e2d70da3e99e7a7c5200f?s=96&d=mm&r=g","url":"https:\/\/secure.gravatar.com\/avatar\/ce87a922ded8e8cd73de140ec7167c1963f4bab4f82e2d70da3e99e7a7c5200f?s=96&d=mm&r=g","contentUrl":"https:\/\/secure.gravatar.com\/avatar\/ce87a922ded8e8cd73de140ec7167c1963f4bab4f82e2d70da3e99e7a7c5200f?s=96&d=mm&r=g","caption":"Lannion CK"},"url":"https:\/\/lannionck.fr\/lck0000\/wordpress\/author\/lannion-ck\/"}]}},"_links":{"self":[{"href":"https:\/\/lannionck.fr\/lck0000\/wordpress\/wp-json\/wp\/v2\/posts\/4388","targetHints":{"allow":["GET"]}}],"collection":[{"href":"https:\/\/lannionck.fr\/lck0000\/wordpress\/wp-json\/wp\/v2\/posts"}],"about":[{"href":"https:\/\/lannionck.fr\/lck0000\/wordpress\/wp-json\/wp\/v2\/types\/post"}],"author":[{"embeddable":true,"href":"https:\/\/lannionck.fr\/lck0000\/wordpress\/wp-json\/wp\/v2\/users\/17"}],"replies":[{"embeddable":true,"href":"https:\/\/lannionck.fr\/lck0000\/wordpress\/wp-json\/wp\/v2\/comments?post=4388"}],"version-history":[{"count":6,"href":"https:\/\/lannionck.fr\/lck0000\/wordpress\/wp-json\/wp\/v2\/posts\/4388\/revisions"}],"predecessor-version":[{"id":4405,"href":"https:\/\/lannionck.fr\/lck0000\/wordpress\/wp-json\/wp\/v2\/posts\/4388\/revisions\/4405"}],"wp:attachment":[{"href":"https:\/\/lannionck.fr\/lck0000\/wordpress\/wp-json\/wp\/v2\/media?parent=4388"}],"wp:term":[{"taxonomy":"category","embeddable":true,"href":"https:\/\/lannionck.fr\/lck0000\/wordpress\/wp-json\/wp\/v2\/categories?post=4388"},{"taxonomy":"post_tag","embeddable":true,"href":"https:\/\/lannionck.fr\/lck0000\/wordpress\/wp-json\/wp\/v2\/tags?post=4388"}],"curies":[{"name":"wp","href":"https:\/\/api.w.org\/{rel}","templated":true}]}}