{"id":940,"date":"2013-09-02T09:38:40","date_gmt":"2013-09-02T08:38:40","guid":{"rendered":"http:\/\/lannionck.fr\/?p=940"},"modified":"2019-06-21T18:55:09","modified_gmt":"2019-06-21T17:55:09","slug":"sortie-de-rentree-aux-7-iles-1-septembre-2013","status":"publish","type":"post","link":"https:\/\/lannionck.fr\/lck0000\/wordpress\/sortie-de-rentree-aux-7-iles-1-septembre-2013\/","title":{"rendered":"\u00ab\u00a0Sortie de rentr\u00e9e\u00a0\u00bb aux 7 iles &#8211; 1\u00b0 septembre 2013"},"content":{"rendered":"<p>Pour f\u00eater la rentr\u00e9e, le club s\u2019est d\u00e9plac\u00e9 aux 7 iles<\/p>\n<p>Beau temps, petite brise de NE 3 \u00e0 4 Bft , coef 42 et 48? ?BM 10 h 43, ?PM 16 h 54 \u00e0 Ploum?anac&rsquo;h.Nous montons dans nos kayak \u00e0 10H cale Est \u00a0du port de Ploumanac\u2019h. <a href=\"http:\/\/lannionck.fr\/lck0000\/wordpress\/wp-content\/uploads\/2013\/09\/IMGP3659.jpg\"><img fetchpriority=\"high\" decoding=\"async\" class=\"alignnone size-medium wp-image-942\" alt=\"IMGP3659\" src=\"http:\/\/lannionck.fr\/lck0000\/wordpress\/wp-content\/uploads\/2013\/09\/IMGP3659-300x168.jpg\" width=\"300\" height=\"168\" srcset=\"https:\/\/lannionck.fr\/lck0000\/wordpress\/wp-content\/uploads\/2013\/09\/IMGP3659-300x168.jpg 300w, https:\/\/lannionck.fr\/lck0000\/wordpress\/wp-content\/uploads\/2013\/09\/IMGP3659-1024x576.jpg 1024w, https:\/\/lannionck.fr\/lck0000\/wordpress\/wp-content\/uploads\/2013\/09\/IMGP3659-500x281.jpg 500w\" sizes=\"(max-width: 300px) 100vw, 300px\" \/><\/a>\u00a0et sortie par le chenal<\/p>\n<p><a href=\"http:\/\/lannionck.fr\/lck0000\/wordpress\/wp-content\/uploads\/2013\/09\/IMGP3667.jpg\"><img decoding=\"async\" class=\"alignnone size-medium wp-image-943\" alt=\"IMGP3667\" src=\"http:\/\/lannionck.fr\/lck0000\/wordpress\/wp-content\/uploads\/2013\/09\/IMGP3667-300x168.jpg\" width=\"300\" height=\"168\" srcset=\"https:\/\/lannionck.fr\/lck0000\/wordpress\/wp-content\/uploads\/2013\/09\/IMGP3667-300x168.jpg 300w, https:\/\/lannionck.fr\/lck0000\/wordpress\/wp-content\/uploads\/2013\/09\/IMGP3667-1024x576.jpg 1024w, https:\/\/lannionck.fr\/lck0000\/wordpress\/wp-content\/uploads\/2013\/09\/IMGP3667-500x281.jpg 500w\" sizes=\"(max-width: 300px) 100vw, 300px\" \/><\/a><a href=\"http:\/\/lannionck.fr\/lck0000\/wordpress\/wp-content\/uploads\/2013\/09\/IMGP3672.jpg\"><img decoding=\"async\" class=\"alignnone size-medium wp-image-945\" alt=\"IMGP3672\" src=\"http:\/\/lannionck.fr\/lck0000\/wordpress\/wp-content\/uploads\/2013\/09\/IMGP3672-300x168.jpg\" width=\"300\" height=\"168\" srcset=\"https:\/\/lannionck.fr\/lck0000\/wordpress\/wp-content\/uploads\/2013\/09\/IMGP3672-300x168.jpg 300w, https:\/\/lannionck.fr\/lck0000\/wordpress\/wp-content\/uploads\/2013\/09\/IMGP3672-1024x576.jpg 1024w, https:\/\/lannionck.fr\/lck0000\/wordpress\/wp-content\/uploads\/2013\/09\/IMGP3672-500x281.jpg 500w\" sizes=\"(max-width: 300px) 100vw, 300px\" \/><\/a><a href=\"http:\/\/lannionck.fr\/lck0000\/wordpress\/wp-content\/uploads\/2013\/09\/IMGP3676.jpg\"><img loading=\"lazy\" decoding=\"async\" class=\"alignnone size-medium wp-image-946\" alt=\"IMGP3676\" src=\"http:\/\/lannionck.fr\/lck0000\/wordpress\/wp-content\/uploads\/2013\/09\/IMGP3676-300x168.jpg\" width=\"300\" height=\"168\" srcset=\"https:\/\/lannionck.fr\/lck0000\/wordpress\/wp-content\/uploads\/2013\/09\/IMGP3676-300x168.jpg 300w, https:\/\/lannionck.fr\/lck0000\/wordpress\/wp-content\/uploads\/2013\/09\/IMGP3676-1024x576.jpg 1024w, https:\/\/lannionck.fr\/lck0000\/wordpress\/wp-content\/uploads\/2013\/09\/IMGP3676-500x281.jpg 500w\" sizes=\"(max-width: 300px) 100vw, 300px\" \/><\/a><\/p>\n<p>Houle sympathique \u00e0 la sortie puis\u00a0travers\u00e9e en 1 heure et quelques minutes pour arriver aux cerfs (\u00e0 l\u2019ouest de l\u2019archipel) et rencontrer les phoques.<!--more--><a href=\"http:\/\/lannionck.fr\/lck0000\/wordpress\/wp-content\/uploads\/2013\/09\/IMGP3687.jpg\"><img loading=\"lazy\" decoding=\"async\" class=\"alignnone size-medium wp-image-947\" alt=\"IMGP3687\" src=\"http:\/\/lannionck.fr\/lck0000\/wordpress\/wp-content\/uploads\/2013\/09\/IMGP3687-300x168.jpg\" width=\"300\" height=\"168\" srcset=\"https:\/\/lannionck.fr\/lck0000\/wordpress\/wp-content\/uploads\/2013\/09\/IMGP3687-300x168.jpg 300w, https:\/\/lannionck.fr\/lck0000\/wordpress\/wp-content\/uploads\/2013\/09\/IMGP3687-1024x576.jpg 1024w, https:\/\/lannionck.fr\/lck0000\/wordpress\/wp-content\/uploads\/2013\/09\/IMGP3687-500x281.jpg 500w\" sizes=\"(max-width: 300px) 100vw, 300px\" \/><\/a><\/p>\n<p>Puis d\u00e9barquement sur la plage nord de l\u2019ile aux moines<a href=\"http:\/\/lannionck.fr\/lck0000\/wordpress\/wp-content\/uploads\/2013\/09\/IMGP3698.jpg\"><img loading=\"lazy\" decoding=\"async\" class=\"alignnone size-medium wp-image-948\" alt=\"IMGP3698\" src=\"http:\/\/lannionck.fr\/lck0000\/wordpress\/wp-content\/uploads\/2013\/09\/IMGP3698-300x168.jpg\" width=\"300\" height=\"168\" srcset=\"https:\/\/lannionck.fr\/lck0000\/wordpress\/wp-content\/uploads\/2013\/09\/IMGP3698-300x168.jpg 300w, https:\/\/lannionck.fr\/lck0000\/wordpress\/wp-content\/uploads\/2013\/09\/IMGP3698-1024x576.jpg 1024w, https:\/\/lannionck.fr\/lck0000\/wordpress\/wp-content\/uploads\/2013\/09\/IMGP3698-500x281.jpg 500w\" sizes=\"(max-width: 300px) 100vw, 300px\" \/><\/a><\/p>\n<p>Baignade pour plusieurs d\u2019entre nous sous le regard amus\u00e9 des phoques.<a href=\"http:\/\/lannionck.fr\/lck0000\/wordpress\/wp-content\/uploads\/2013\/09\/IMGP3708.jpg\"><img loading=\"lazy\" decoding=\"async\" class=\"alignnone size-medium wp-image-949\" alt=\"IMGP3708\" src=\"http:\/\/lannionck.fr\/lck0000\/wordpress\/wp-content\/uploads\/2013\/09\/IMGP3708-300x168.jpg\" width=\"300\" height=\"168\" srcset=\"https:\/\/lannionck.fr\/lck0000\/wordpress\/wp-content\/uploads\/2013\/09\/IMGP3708-300x168.jpg 300w, https:\/\/lannionck.fr\/lck0000\/wordpress\/wp-content\/uploads\/2013\/09\/IMGP3708-1024x576.jpg 1024w, https:\/\/lannionck.fr\/lck0000\/wordpress\/wp-content\/uploads\/2013\/09\/IMGP3708-500x281.jpg 500w\" sizes=\"(max-width: 300px) 100vw, 300px\" \/><\/a><\/p>\n<p>Pic-nic <a href=\"http:\/\/lannionck.fr\/lck0000\/wordpress\/wp-content\/uploads\/2013\/09\/IMGP3718.jpg\"><img loading=\"lazy\" decoding=\"async\" class=\"alignnone size-medium wp-image-950\" alt=\"IMGP3718\" src=\"http:\/\/lannionck.fr\/lck0000\/wordpress\/wp-content\/uploads\/2013\/09\/IMGP3718-300x168.jpg\" width=\"300\" height=\"168\" srcset=\"https:\/\/lannionck.fr\/lck0000\/wordpress\/wp-content\/uploads\/2013\/09\/IMGP3718-300x168.jpg 300w, https:\/\/lannionck.fr\/lck0000\/wordpress\/wp-content\/uploads\/2013\/09\/IMGP3718-1024x576.jpg 1024w, https:\/\/lannionck.fr\/lck0000\/wordpress\/wp-content\/uploads\/2013\/09\/IMGP3718-500x281.jpg 500w\" sizes=\"(max-width: 300px) 100vw, 300px\" \/><\/a><a href=\"http:\/\/lannionck.fr\/lck0000\/wordpress\/wp-content\/uploads\/2013\/09\/IMGP3721.jpg\"><img loading=\"lazy\" decoding=\"async\" class=\"alignnone size-medium wp-image-951\" alt=\"IMGP3721\" src=\"http:\/\/lannionck.fr\/lck0000\/wordpress\/wp-content\/uploads\/2013\/09\/IMGP3721-300x168.jpg\" width=\"300\" height=\"168\" srcset=\"https:\/\/lannionck.fr\/lck0000\/wordpress\/wp-content\/uploads\/2013\/09\/IMGP3721-300x168.jpg 300w, https:\/\/lannionck.fr\/lck0000\/wordpress\/wp-content\/uploads\/2013\/09\/IMGP3721-1024x576.jpg 1024w, https:\/\/lannionck.fr\/lck0000\/wordpress\/wp-content\/uploads\/2013\/09\/IMGP3721-500x281.jpg 500w\" sizes=\"(max-width: 300px) 100vw, 300px\" \/><\/a><\/p>\n<p>service 1\u00b0 classe<a href=\"http:\/\/lannionck.fr\/lck0000\/wordpress\/wp-content\/uploads\/2013\/09\/IMGP3725.jpg\"><img loading=\"lazy\" decoding=\"async\" class=\"alignnone size-medium wp-image-952\" alt=\"IMGP3725\" src=\"http:\/\/lannionck.fr\/lck0000\/wordpress\/wp-content\/uploads\/2013\/09\/IMGP3725-300x168.jpg\" width=\"300\" height=\"168\" srcset=\"https:\/\/lannionck.fr\/lck0000\/wordpress\/wp-content\/uploads\/2013\/09\/IMGP3725-300x168.jpg 300w, https:\/\/lannionck.fr\/lck0000\/wordpress\/wp-content\/uploads\/2013\/09\/IMGP3725-1024x576.jpg 1024w, https:\/\/lannionck.fr\/lck0000\/wordpress\/wp-content\/uploads\/2013\/09\/IMGP3725-500x281.jpg 500w\" sizes=\"(max-width: 300px) 100vw, 300px\" \/><\/a><\/p>\n<p>et ensuite visite de l\u2019ile\u00a0<a href=\"http:\/\/lannionck.fr\/lck0000\/wordpress\/wp-content\/uploads\/2013\/09\/IMGP3744.jpg\"><img loading=\"lazy\" decoding=\"async\" class=\"alignnone size-medium wp-image-953\" alt=\"IMGP3744\" src=\"http:\/\/lannionck.fr\/lck0000\/wordpress\/wp-content\/uploads\/2013\/09\/IMGP3744-300x168.jpg\" width=\"300\" height=\"168\" srcset=\"https:\/\/lannionck.fr\/lck0000\/wordpress\/wp-content\/uploads\/2013\/09\/IMGP3744-300x168.jpg 300w, https:\/\/lannionck.fr\/lck0000\/wordpress\/wp-content\/uploads\/2013\/09\/IMGP3744-1024x576.jpg 1024w, https:\/\/lannionck.fr\/lck0000\/wordpress\/wp-content\/uploads\/2013\/09\/IMGP3744-500x281.jpg 500w\" sizes=\"(max-width: 300px) 100vw, 300px\" \/><\/a><\/p>\n<p>avec un arr\u00eat surprise au phare ,ouvert \u00e0 l\u2019occasion d\u2019un WE d\u2019anciens gardiens, qui plus est, l\u2019un guitariste et les autres chanteurs.<a href=\"http:\/\/lannionck.fr\/lck0000\/wordpress\/wp-content\/uploads\/2013\/09\/IMGP3754.jpg\"><img loading=\"lazy\" decoding=\"async\" class=\"alignnone size-medium wp-image-954\" alt=\"IMGP3754\" src=\"http:\/\/lannionck.fr\/lck0000\/wordpress\/wp-content\/uploads\/2013\/09\/IMGP3754-300x168.jpg\" width=\"300\" height=\"168\" srcset=\"https:\/\/lannionck.fr\/lck0000\/wordpress\/wp-content\/uploads\/2013\/09\/IMGP3754-300x168.jpg 300w, https:\/\/lannionck.fr\/lck0000\/wordpress\/wp-content\/uploads\/2013\/09\/IMGP3754-1024x576.jpg 1024w, https:\/\/lannionck.fr\/lck0000\/wordpress\/wp-content\/uploads\/2013\/09\/IMGP3754-500x281.jpg 500w\" sizes=\"(max-width: 300px) 100vw, 300px\" \/><\/a> Alain n\u2019avait pas son accord\u00e9on, dommage\u00a0! ce n\u2019est pas non plus le r\u00e9pertoire d\u2019Anne Marie, re-dommage\u00a0!!<\/p>\n<p>Visite du phare de bas en haut et r\u00e9ciproquement, vue tr\u00e8s d\u00e9gag\u00e9e, on distingue aux jumelles le phare de l\u2019ile de Batz \u00e0 40 Km.<a href=\"http:\/\/lannionck.fr\/lck0000\/wordpress\/wp-content\/uploads\/2013\/09\/IMGP3759.jpg\"><img loading=\"lazy\" decoding=\"async\" class=\"alignnone size-medium wp-image-955\" alt=\"IMGP3759\" src=\"http:\/\/lannionck.fr\/lck0000\/wordpress\/wp-content\/uploads\/2013\/09\/IMGP3759-300x168.jpg\" width=\"300\" height=\"168\" srcset=\"https:\/\/lannionck.fr\/lck0000\/wordpress\/wp-content\/uploads\/2013\/09\/IMGP3759-300x168.jpg 300w, https:\/\/lannionck.fr\/lck0000\/wordpress\/wp-content\/uploads\/2013\/09\/IMGP3759-1024x576.jpg 1024w, https:\/\/lannionck.fr\/lck0000\/wordpress\/wp-content\/uploads\/2013\/09\/IMGP3759-500x281.jpg 500w\" sizes=\"(max-width: 300px) 100vw, 300px\" \/><\/a><a href=\"http:\/\/lannionck.fr\/lck0000\/wordpress\/wp-content\/uploads\/2013\/09\/IMGP3776.jpg\"><img loading=\"lazy\" decoding=\"async\" class=\"alignnone size-medium wp-image-957\" alt=\"IMGP3776\" src=\"http:\/\/lannionck.fr\/lck0000\/wordpress\/wp-content\/uploads\/2013\/09\/IMGP3776-300x168.jpg\" width=\"300\" height=\"168\" srcset=\"https:\/\/lannionck.fr\/lck0000\/wordpress\/wp-content\/uploads\/2013\/09\/IMGP3776-300x168.jpg 300w, https:\/\/lannionck.fr\/lck0000\/wordpress\/wp-content\/uploads\/2013\/09\/IMGP3776-1024x576.jpg 1024w, https:\/\/lannionck.fr\/lck0000\/wordpress\/wp-content\/uploads\/2013\/09\/IMGP3776-500x281.jpg 500w\" sizes=\"(max-width: 300px) 100vw, 300px\" \/><\/a><\/p>\n<p>A l\u2019est, nous apercevons le vieux gr\u00e9ement Sant\u00a0C&rsquo;hireg faisant route vers l\u2019ile<a href=\"http:\/\/lannionck.fr\/lck0000\/wordpress\/wp-content\/uploads\/2013\/09\/IMGP3777.jpg\"><img loading=\"lazy\" decoding=\"async\" class=\"alignnone size-medium wp-image-958\" alt=\"IMGP3777\" src=\"http:\/\/lannionck.fr\/lck0000\/wordpress\/wp-content\/uploads\/2013\/09\/IMGP3777-300x168.jpg\" width=\"300\" height=\"168\" srcset=\"https:\/\/lannionck.fr\/lck0000\/wordpress\/wp-content\/uploads\/2013\/09\/IMGP3777-300x168.jpg 300w, https:\/\/lannionck.fr\/lck0000\/wordpress\/wp-content\/uploads\/2013\/09\/IMGP3777-1024x576.jpg 1024w, https:\/\/lannionck.fr\/lck0000\/wordpress\/wp-content\/uploads\/2013\/09\/IMGP3777-500x281.jpg 500w\" sizes=\"(max-width: 300px) 100vw, 300px\" \/><\/a> ainsi que les voiles des r\u00e9gatiers du tour de Bretagne partis le matin m\u00eame de Paimpol.<\/p>\n<p>Visite du fort sous toutes ses coutures\u2026<\/p>\n<p>R\u00e9-embarquement, tour de l\u2019ile Bono, une caresse au Sant\u00a0C&rsquo;hireg<a href=\"http:\/\/lannionck.fr\/lck0000\/wordpress\/wp-content\/uploads\/2013\/09\/IMGP3808.jpg\"><img loading=\"lazy\" decoding=\"async\" class=\"alignnone size-medium wp-image-960\" alt=\"IMGP3808\" src=\"http:\/\/lannionck.fr\/lck0000\/wordpress\/wp-content\/uploads\/2013\/09\/IMGP3808-300x168.jpg\" width=\"300\" height=\"168\" srcset=\"https:\/\/lannionck.fr\/lck0000\/wordpress\/wp-content\/uploads\/2013\/09\/IMGP3808-300x168.jpg 300w, https:\/\/lannionck.fr\/lck0000\/wordpress\/wp-content\/uploads\/2013\/09\/IMGP3808-1024x576.jpg 1024w, https:\/\/lannionck.fr\/lck0000\/wordpress\/wp-content\/uploads\/2013\/09\/IMGP3808-500x281.jpg 500w\" sizes=\"(max-width: 300px) 100vw, 300px\" \/><\/a><a href=\"http:\/\/lannionck.fr\/lck0000\/wordpress\/wp-content\/uploads\/2013\/09\/IMGP3813.jpg\"><img loading=\"lazy\" decoding=\"async\" class=\"alignnone size-medium wp-image-961\" alt=\"IMGP3813\" src=\"http:\/\/lannionck.fr\/lck0000\/wordpress\/wp-content\/uploads\/2013\/09\/IMGP3813-300x168.jpg\" width=\"300\" height=\"168\" srcset=\"https:\/\/lannionck.fr\/lck0000\/wordpress\/wp-content\/uploads\/2013\/09\/IMGP3813-300x168.jpg 300w, https:\/\/lannionck.fr\/lck0000\/wordpress\/wp-content\/uploads\/2013\/09\/IMGP3813-1024x576.jpg 1024w, https:\/\/lannionck.fr\/lck0000\/wordpress\/wp-content\/uploads\/2013\/09\/IMGP3813-500x281.jpg 500w\" sizes=\"(max-width: 300px) 100vw, 300px\" \/><\/a> , puis retour sur Ploumanac\u2019h. Dernier salut aux restes du vieux gr\u00e9ement \u00ab\u00a0les 3 fr\u00e8res\u00a0\u00bb plant\u00e9 \u00e0 l\u2019entr\u00e9e de la baie Ste Anne dimanche dernier (sous nos yeux) lors de la r\u00e9gate des vieux gr\u00e9ements.<\/p>\n<p>photo Bernard Moreau la semaine derni\u00e8re:<a href=\"http:\/\/lannionck.fr\/lck0000\/wordpress\/wp-content\/uploads\/2013\/09\/3-fr\u00e8res-2013-08-25-B.Moreau.jpg\"><img loading=\"lazy\" decoding=\"async\" class=\"alignnone size-medium wp-image-964\" alt=\"3 fr\u00e8res-2013-08-25-B.Moreau\" src=\"http:\/\/lannionck.fr\/lck0000\/wordpress\/wp-content\/uploads\/2013\/09\/3-fr\u00e8res-2013-08-25-B.Moreau-300x232.jpg\" width=\"300\" height=\"232\" srcset=\"https:\/\/lannionck.fr\/lck0000\/wordpress\/wp-content\/uploads\/2013\/09\/3-fr\u00e8res-2013-08-25-B.Moreau-300x232.jpg 300w, https:\/\/lannionck.fr\/lck0000\/wordpress\/wp-content\/uploads\/2013\/09\/3-fr\u00e8res-2013-08-25-B.Moreau-386x300.jpg 386w, https:\/\/lannionck.fr\/lck0000\/wordpress\/wp-content\/uploads\/2013\/09\/3-fr\u00e8res-2013-08-25-B.Moreau.jpg 479w\" sizes=\"(max-width: 300px) 100vw, 300px\" \/><\/a><\/p>\n<p>aujourd&rsquo;hui:<a href=\"http:\/\/lannionck.fr\/lck0000\/wordpress\/wp-content\/uploads\/2013\/09\/IMGP3832.jpg\"><img loading=\"lazy\" decoding=\"async\" class=\"alignnone size-medium wp-image-963\" alt=\"IMGP3832\" src=\"http:\/\/lannionck.fr\/lck0000\/wordpress\/wp-content\/uploads\/2013\/09\/IMGP3832-300x168.jpg\" width=\"300\" height=\"168\" srcset=\"https:\/\/lannionck.fr\/lck0000\/wordpress\/wp-content\/uploads\/2013\/09\/IMGP3832-300x168.jpg 300w, https:\/\/lannionck.fr\/lck0000\/wordpress\/wp-content\/uploads\/2013\/09\/IMGP3832-1024x576.jpg 1024w, https:\/\/lannionck.fr\/lck0000\/wordpress\/wp-content\/uploads\/2013\/09\/IMGP3832-500x281.jpg 500w\" sizes=\"(max-width: 300px) 100vw, 300px\" \/><\/a><\/p>\n<p>Rentr\u00e9e de la \u00ab\u00a0sortie de rentr\u00e9e\u00a0\u00bb \u00a0\u00e0 la cale Est \u00e0 17H<\/p>\n<p>Sympathique et agr\u00e9able randonn\u00e9e \u00e0 la journ\u00e9e avec 13 participants, encore plus bronz\u00e9s qu\u2019au d\u00e9part:\u00a0No\u00eblle, Anne Marie, Annie, Marianne, Alain H, Christian D et LY, St\u00e9phane, Herv\u00e9 L, Pierre, Yvon, Thierry, et HLF<\/p>\n","protected":false},"excerpt":{"rendered":"<p>Pour f\u00eater la rentr\u00e9e, le club s\u2019est d\u00e9plac\u00e9 aux 7 iles Beau temps, petite brise de NE 3 \u00e0 4 Bft , coef 42 et 48? ?BM 10 h 43, ?PM 16 h 54 \u00e0 Ploum?anac&rsquo;h.Nous montons dans nos kayak \u00e0 10H cale Est \u00a0du port de Ploumanac\u2019h. \u00a0et sortie par le chenal Houle sympathique <a href=\"https:\/\/lannionck.fr\/lck0000\/wordpress\/sortie-de-rentree-aux-7-iles-1-septembre-2013\/\" rel=\"nofollow\"><span class=\"sr-only\">En savoir plus sur\u00ab\u00a0Sortie de rentr\u00e9e\u00a0\u00bb aux 7 iles &#8211; 1\u00b0 septembre 2013<\/span>[&hellip;]<\/a><\/p>\n","protected":false},"author":15,"featured_media":0,"comment_status":"closed","ping_status":"open","sticky":false,"template":"","format":"standard","meta":{"footnotes":""},"categories":[1],"tags":[63,61,65,79],"class_list":["post-940","post","type-post","status-publish","format-standard","hentry","category-non-classe","tag-archipel","tag-loisir","tag-mer","tag-sept-iles"],"yoast_head":"<!-- This site is optimized with the Yoast SEO plugin v28.2 - https:\/\/yoast.com\/product\/yoast-seo-wordpress\/ -->\n<title>&quot;Sortie de rentr\u00e9e&quot; aux 7 iles - 1\u00b0 septembre 2013 - Lannion Cano\u00eb-Kayak<\/title>\n<meta name=\"robots\" content=\"index, follow, max-snippet:-1, max-image-preview:large, max-video-preview:-1\" \/>\n<link rel=\"canonical\" href=\"https:\/\/lannionck.fr\/lck0000\/wordpress\/sortie-de-rentree-aux-7-iles-1-septembre-2013\/\" \/>\n<meta property=\"og:locale\" content=\"fr_FR\" \/>\n<meta property=\"og:type\" content=\"article\" \/>\n<meta property=\"og:title\" content=\"&quot;Sortie de rentr\u00e9e&quot; aux 7 iles - 1\u00b0 septembre 2013 - Lannion Cano\u00eb-Kayak\" \/>\n<meta property=\"og:description\" content=\"Pour f\u00eater la rentr\u00e9e, le club s\u2019est d\u00e9plac\u00e9 aux 7 iles Beau temps, petite brise de NE 3 \u00e0 4 Bft , coef 42 et 48? ?BM 10 h 43, ?PM 16 h 54 \u00e0 Ploum?anac&rsquo;h.Nous montons dans nos kayak \u00e0 10H cale Est \u00a0du port de Ploumanac\u2019h. \u00a0et sortie par le chenal Houle sympathique En savoir plus sur\u00ab\u00a0Sortie de rentr\u00e9e\u00a0\u00bb aux 7 iles &#8211; 1\u00b0 septembre 2013[&hellip;]\" \/>\n<meta property=\"og:url\" content=\"https:\/\/lannionck.fr\/lck0000\/wordpress\/sortie-de-rentree-aux-7-iles-1-septembre-2013\/\" \/>\n<meta property=\"og:site_name\" content=\"Lannion Cano\u00eb-Kayak\" \/>\n<meta property=\"article:published_time\" content=\"2013-09-02T08:38:40+00:00\" \/>\n<meta property=\"article:modified_time\" content=\"2019-06-21T17:55:09+00:00\" \/>\n<meta property=\"og:image\" content=\"https:\/\/lannionck.fr\/lck0000\/wordpress\/wp-content\/uploads\/2013\/09\/IMGP3659-1024x576.jpg\" \/>\n\t<meta property=\"og:image:width\" content=\"1024\" \/>\n\t<meta property=\"og:image:height\" content=\"576\" \/>\n\t<meta property=\"og:image:type\" content=\"image\/jpeg\" \/>\n<meta name=\"author\" content=\"Herve\" \/>\n<meta name=\"twitter:card\" content=\"summary_large_image\" \/>\n<meta name=\"twitter:label1\" content=\"\u00c9crit par\" \/>\n\t<meta name=\"twitter:data1\" content=\"Herve\" \/>\n\t<meta name=\"twitter:label2\" content=\"Dur\u00e9e de lecture estim\u00e9e\" \/>\n\t<meta name=\"twitter:data2\" content=\"2 minutes\" \/>\n<script type=\"application\/ld+json\" class=\"yoast-schema-graph\">{\"@context\":\"https:\\\/\\\/schema.org\",\"@graph\":[{\"@type\":\"Article\",\"@id\":\"https:\\\/\\\/lannionck.fr\\\/lck0000\\\/wordpress\\\/sortie-de-rentree-aux-7-iles-1-septembre-2013\\\/#article\",\"isPartOf\":{\"@id\":\"https:\\\/\\\/lannionck.fr\\\/lck0000\\\/wordpress\\\/sortie-de-rentree-aux-7-iles-1-septembre-2013\\\/\"},\"author\":{\"name\":\"Herve\",\"@id\":\"https:\\\/\\\/lannionck.fr\\\/lck0000\\\/wordpress\\\/#\\\/schema\\\/person\\\/53eefb8e6506af5e15a78a627ba0f423\"},\"headline\":\"\u00ab\u00a0Sortie de rentr\u00e9e\u00a0\u00bb aux 7 iles &#8211; 1\u00b0 septembre 2013\",\"datePublished\":\"2013-09-02T08:38:40+00:00\",\"dateModified\":\"2019-06-21T17:55:09+00:00\",\"mainEntityOfPage\":{\"@id\":\"https:\\\/\\\/lannionck.fr\\\/lck0000\\\/wordpress\\\/sortie-de-rentree-aux-7-iles-1-septembre-2013\\\/\"},\"wordCount\":340,\"publisher\":{\"@id\":\"https:\\\/\\\/lannionck.fr\\\/lck0000\\\/wordpress\\\/#organization\"},\"image\":{\"@id\":\"https:\\\/\\\/lannionck.fr\\\/lck0000\\\/wordpress\\\/sortie-de-rentree-aux-7-iles-1-septembre-2013\\\/#primaryimage\"},\"thumbnailUrl\":\"http:\\\/\\\/lannionck.fr\\\/lck0000\\\/wordpress\\\/wp-content\\\/uploads\\\/2013\\\/09\\\/IMGP3659-300x168.jpg\",\"keywords\":[\"archipel\",\"loisir\",\"mer\",\"sept iles\"],\"inLanguage\":\"fr-FR\"},{\"@type\":\"WebPage\",\"@id\":\"https:\\\/\\\/lannionck.fr\\\/lck0000\\\/wordpress\\\/sortie-de-rentree-aux-7-iles-1-septembre-2013\\\/\",\"url\":\"https:\\\/\\\/lannionck.fr\\\/lck0000\\\/wordpress\\\/sortie-de-rentree-aux-7-iles-1-septembre-2013\\\/\",\"name\":\"\\\"Sortie de rentr\u00e9e\\\" aux 7 iles - 1\u00b0 septembre 2013 - Lannion Cano\u00eb-Kayak\",\"isPartOf\":{\"@id\":\"https:\\\/\\\/lannionck.fr\\\/lck0000\\\/wordpress\\\/#website\"},\"primaryImageOfPage\":{\"@id\":\"https:\\\/\\\/lannionck.fr\\\/lck0000\\\/wordpress\\\/sortie-de-rentree-aux-7-iles-1-septembre-2013\\\/#primaryimage\"},\"image\":{\"@id\":\"https:\\\/\\\/lannionck.fr\\\/lck0000\\\/wordpress\\\/sortie-de-rentree-aux-7-iles-1-septembre-2013\\\/#primaryimage\"},\"thumbnailUrl\":\"http:\\\/\\\/lannionck.fr\\\/lck0000\\\/wordpress\\\/wp-content\\\/uploads\\\/2013\\\/09\\\/IMGP3659-300x168.jpg\",\"datePublished\":\"2013-09-02T08:38:40+00:00\",\"dateModified\":\"2019-06-21T17:55:09+00:00\",\"breadcrumb\":{\"@id\":\"https:\\\/\\\/lannionck.fr\\\/lck0000\\\/wordpress\\\/sortie-de-rentree-aux-7-iles-1-septembre-2013\\\/#breadcrumb\"},\"inLanguage\":\"fr-FR\",\"potentialAction\":[{\"@type\":\"ReadAction\",\"target\":[\"https:\\\/\\\/lannionck.fr\\\/lck0000\\\/wordpress\\\/sortie-de-rentree-aux-7-iles-1-septembre-2013\\\/\"]}]},{\"@type\":\"ImageObject\",\"inLanguage\":\"fr-FR\",\"@id\":\"https:\\\/\\\/lannionck.fr\\\/lck0000\\\/wordpress\\\/sortie-de-rentree-aux-7-iles-1-septembre-2013\\\/#primaryimage\",\"url\":\"https:\\\/\\\/lannionck.fr\\\/lck0000\\\/wordpress\\\/wp-content\\\/uploads\\\/2013\\\/09\\\/IMGP3659.jpg\",\"contentUrl\":\"https:\\\/\\\/lannionck.fr\\\/lck0000\\\/wordpress\\\/wp-content\\\/uploads\\\/2013\\\/09\\\/IMGP3659.jpg\",\"width\":4608,\"height\":2592},{\"@type\":\"BreadcrumbList\",\"@id\":\"https:\\\/\\\/lannionck.fr\\\/lck0000\\\/wordpress\\\/sortie-de-rentree-aux-7-iles-1-septembre-2013\\\/#breadcrumb\",\"itemListElement\":[{\"@type\":\"ListItem\",\"position\":1,\"name\":\"Accueil\",\"item\":\"https:\\\/\\\/lannionck.fr\\\/lck0000\\\/wordpress\\\/\"},{\"@type\":\"ListItem\",\"position\":2,\"name\":\"\u00ab\u00a0Sortie de rentr\u00e9e\u00a0\u00bb aux 7 iles &#8211; 1\u00b0 septembre 2013\"}]},{\"@type\":\"WebSite\",\"@id\":\"https:\\\/\\\/lannionck.fr\\\/lck0000\\\/wordpress\\\/#website\",\"url\":\"https:\\\/\\\/lannionck.fr\\\/lck0000\\\/wordpress\\\/\",\"name\":\"Lannion Cano\u00eb Kayak\",\"description\":\"Comp\u00e9tition et Loisirs en C\u00f4tes d&#039;Armor\",\"publisher\":{\"@id\":\"https:\\\/\\\/lannionck.fr\\\/lck0000\\\/wordpress\\\/#organization\"},\"potentialAction\":[{\"@type\":\"SearchAction\",\"target\":{\"@type\":\"EntryPoint\",\"urlTemplate\":\"https:\\\/\\\/lannionck.fr\\\/lck0000\\\/wordpress\\\/?s={search_term_string}\"},\"query-input\":{\"@type\":\"PropertyValueSpecification\",\"valueRequired\":true,\"valueName\":\"search_term_string\"}}],\"inLanguage\":\"fr-FR\"},{\"@type\":\"Organization\",\"@id\":\"https:\\\/\\\/lannionck.fr\\\/lck0000\\\/wordpress\\\/#organization\",\"name\":\"Lannion Cano\u00eb Kayak\",\"url\":\"https:\\\/\\\/lannionck.fr\\\/lck0000\\\/wordpress\\\/\",\"logo\":{\"@type\":\"ImageObject\",\"inLanguage\":\"fr-FR\",\"@id\":\"https:\\\/\\\/lannionck.fr\\\/lck0000\\\/wordpress\\\/#\\\/schema\\\/logo\\\/image\\\/\",\"url\":\"https:\\\/\\\/lannionck.fr\\\/lck0000\\\/wordpress\\\/wp-content\\\/uploads\\\/2026\\\/07\\\/Logo-Club-fond-transparent1.png\",\"contentUrl\":\"https:\\\/\\\/lannionck.fr\\\/lck0000\\\/wordpress\\\/wp-content\\\/uploads\\\/2026\\\/07\\\/Logo-Club-fond-transparent1.png\",\"width\":303,\"height\":301,\"caption\":\"Lannion Cano\u00eb Kayak\"},\"image\":{\"@id\":\"https:\\\/\\\/lannionck.fr\\\/lck0000\\\/wordpress\\\/#\\\/schema\\\/logo\\\/image\\\/\"}},{\"@type\":\"Person\",\"@id\":\"https:\\\/\\\/lannionck.fr\\\/lck0000\\\/wordpress\\\/#\\\/schema\\\/person\\\/53eefb8e6506af5e15a78a627ba0f423\",\"name\":\"Herve\",\"image\":{\"@type\":\"ImageObject\",\"inLanguage\":\"fr-FR\",\"@id\":\"https:\\\/\\\/secure.gravatar.com\\\/avatar\\\/a3fa5f3b752fbdfa79825aea4bc78660f15d8dec6d66aa2ca0e66028d407ba6e?s=96&d=mm&r=g\",\"url\":\"https:\\\/\\\/secure.gravatar.com\\\/avatar\\\/a3fa5f3b752fbdfa79825aea4bc78660f15d8dec6d66aa2ca0e66028d407ba6e?s=96&d=mm&r=g\",\"contentUrl\":\"https:\\\/\\\/secure.gravatar.com\\\/avatar\\\/a3fa5f3b752fbdfa79825aea4bc78660f15d8dec6d66aa2ca0e66028d407ba6e?s=96&d=mm&r=g\",\"caption\":\"Herve\"},\"url\":\"https:\\\/\\\/lannionck.fr\\\/lck0000\\\/wordpress\\\/author\\\/herve\\\/\"}]}<\/script>\n<!-- \/ Yoast SEO plugin. -->","yoast_head_json":{"title":"\"Sortie de rentr\u00e9e\" aux 7 iles - 1\u00b0 septembre 2013 - Lannion Cano\u00eb-Kayak","robots":{"index":"index","follow":"follow","max-snippet":"max-snippet:-1","max-image-preview":"max-image-preview:large","max-video-preview":"max-video-preview:-1"},"canonical":"https:\/\/lannionck.fr\/lck0000\/wordpress\/sortie-de-rentree-aux-7-iles-1-septembre-2013\/","og_locale":"fr_FR","og_type":"article","og_title":"\"Sortie de rentr\u00e9e\" aux 7 iles - 1\u00b0 septembre 2013 - Lannion Cano\u00eb-Kayak","og_description":"Pour f\u00eater la rentr\u00e9e, le club s\u2019est d\u00e9plac\u00e9 aux 7 iles Beau temps, petite brise de NE 3 \u00e0 4 Bft , coef 42 et 48? ?BM 10 h 43, ?PM 16 h 54 \u00e0 Ploum?anac&rsquo;h.Nous montons dans nos kayak \u00e0 10H cale Est \u00a0du port de Ploumanac\u2019h. \u00a0et sortie par le chenal Houle sympathique En savoir plus sur\u00ab\u00a0Sortie de rentr\u00e9e\u00a0\u00bb aux 7 iles &#8211; 1\u00b0 septembre 2013[&hellip;]","og_url":"https:\/\/lannionck.fr\/lck0000\/wordpress\/sortie-de-rentree-aux-7-iles-1-septembre-2013\/","og_site_name":"Lannion Cano\u00eb-Kayak","article_published_time":"2013-09-02T08:38:40+00:00","article_modified_time":"2019-06-21T17:55:09+00:00","og_image":[{"width":1024,"height":576,"url":"https:\/\/lannionck.fr\/lck0000\/wordpress\/wp-content\/uploads\/2013\/09\/IMGP3659-1024x576.jpg","type":"image\/jpeg"}],"author":"Herve","twitter_card":"summary_large_image","twitter_misc":{"\u00c9crit par":"Herve","Dur\u00e9e de lecture estim\u00e9e":"2 minutes"},"schema":{"@context":"https:\/\/schema.org","@graph":[{"@type":"Article","@id":"https:\/\/lannionck.fr\/lck0000\/wordpress\/sortie-de-rentree-aux-7-iles-1-septembre-2013\/#article","isPartOf":{"@id":"https:\/\/lannionck.fr\/lck0000\/wordpress\/sortie-de-rentree-aux-7-iles-1-septembre-2013\/"},"author":{"name":"Herve","@id":"https:\/\/lannionck.fr\/lck0000\/wordpress\/#\/schema\/person\/53eefb8e6506af5e15a78a627ba0f423"},"headline":"\u00ab\u00a0Sortie de rentr\u00e9e\u00a0\u00bb aux 7 iles &#8211; 1\u00b0 septembre 2013","datePublished":"2013-09-02T08:38:40+00:00","dateModified":"2019-06-21T17:55:09+00:00","mainEntityOfPage":{"@id":"https:\/\/lannionck.fr\/lck0000\/wordpress\/sortie-de-rentree-aux-7-iles-1-septembre-2013\/"},"wordCount":340,"publisher":{"@id":"https:\/\/lannionck.fr\/lck0000\/wordpress\/#organization"},"image":{"@id":"https:\/\/lannionck.fr\/lck0000\/wordpress\/sortie-de-rentree-aux-7-iles-1-septembre-2013\/#primaryimage"},"thumbnailUrl":"http:\/\/lannionck.fr\/lck0000\/wordpress\/wp-content\/uploads\/2013\/09\/IMGP3659-300x168.jpg","keywords":["archipel","loisir","mer","sept iles"],"inLanguage":"fr-FR"},{"@type":"WebPage","@id":"https:\/\/lannionck.fr\/lck0000\/wordpress\/sortie-de-rentree-aux-7-iles-1-septembre-2013\/","url":"https:\/\/lannionck.fr\/lck0000\/wordpress\/sortie-de-rentree-aux-7-iles-1-septembre-2013\/","name":"\"Sortie de rentr\u00e9e\" aux 7 iles - 1\u00b0 septembre 2013 - Lannion Cano\u00eb-Kayak","isPartOf":{"@id":"https:\/\/lannionck.fr\/lck0000\/wordpress\/#website"},"primaryImageOfPage":{"@id":"https:\/\/lannionck.fr\/lck0000\/wordpress\/sortie-de-rentree-aux-7-iles-1-septembre-2013\/#primaryimage"},"image":{"@id":"https:\/\/lannionck.fr\/lck0000\/wordpress\/sortie-de-rentree-aux-7-iles-1-septembre-2013\/#primaryimage"},"thumbnailUrl":"http:\/\/lannionck.fr\/lck0000\/wordpress\/wp-content\/uploads\/2013\/09\/IMGP3659-300x168.jpg","datePublished":"2013-09-02T08:38:40+00:00","dateModified":"2019-06-21T17:55:09+00:00","breadcrumb":{"@id":"https:\/\/lannionck.fr\/lck0000\/wordpress\/sortie-de-rentree-aux-7-iles-1-septembre-2013\/#breadcrumb"},"inLanguage":"fr-FR","potentialAction":[{"@type":"ReadAction","target":["https:\/\/lannionck.fr\/lck0000\/wordpress\/sortie-de-rentree-aux-7-iles-1-septembre-2013\/"]}]},{"@type":"ImageObject","inLanguage":"fr-FR","@id":"https:\/\/lannionck.fr\/lck0000\/wordpress\/sortie-de-rentree-aux-7-iles-1-septembre-2013\/#primaryimage","url":"https:\/\/lannionck.fr\/lck0000\/wordpress\/wp-content\/uploads\/2013\/09\/IMGP3659.jpg","contentUrl":"https:\/\/lannionck.fr\/lck0000\/wordpress\/wp-content\/uploads\/2013\/09\/IMGP3659.jpg","width":4608,"height":2592},{"@type":"BreadcrumbList","@id":"https:\/\/lannionck.fr\/lck0000\/wordpress\/sortie-de-rentree-aux-7-iles-1-septembre-2013\/#breadcrumb","itemListElement":[{"@type":"ListItem","position":1,"name":"Accueil","item":"https:\/\/lannionck.fr\/lck0000\/wordpress\/"},{"@type":"ListItem","position":2,"name":"\u00ab\u00a0Sortie de rentr\u00e9e\u00a0\u00bb aux 7 iles &#8211; 1\u00b0 septembre 2013"}]},{"@type":"WebSite","@id":"https:\/\/lannionck.fr\/lck0000\/wordpress\/#website","url":"https:\/\/lannionck.fr\/lck0000\/wordpress\/","name":"Lannion Cano\u00eb Kayak","description":"Comp\u00e9tition et Loisirs en C\u00f4tes d&#039;Armor","publisher":{"@id":"https:\/\/lannionck.fr\/lck0000\/wordpress\/#organization"},"potentialAction":[{"@type":"SearchAction","target":{"@type":"EntryPoint","urlTemplate":"https:\/\/lannionck.fr\/lck0000\/wordpress\/?s={search_term_string}"},"query-input":{"@type":"PropertyValueSpecification","valueRequired":true,"valueName":"search_term_string"}}],"inLanguage":"fr-FR"},{"@type":"Organization","@id":"https:\/\/lannionck.fr\/lck0000\/wordpress\/#organization","name":"Lannion Cano\u00eb Kayak","url":"https:\/\/lannionck.fr\/lck0000\/wordpress\/","logo":{"@type":"ImageObject","inLanguage":"fr-FR","@id":"https:\/\/lannionck.fr\/lck0000\/wordpress\/#\/schema\/logo\/image\/","url":"https:\/\/lannionck.fr\/lck0000\/wordpress\/wp-content\/uploads\/2026\/07\/Logo-Club-fond-transparent1.png","contentUrl":"https:\/\/lannionck.fr\/lck0000\/wordpress\/wp-content\/uploads\/2026\/07\/Logo-Club-fond-transparent1.png","width":303,"height":301,"caption":"Lannion Cano\u00eb Kayak"},"image":{"@id":"https:\/\/lannionck.fr\/lck0000\/wordpress\/#\/schema\/logo\/image\/"}},{"@type":"Person","@id":"https:\/\/lannionck.fr\/lck0000\/wordpress\/#\/schema\/person\/53eefb8e6506af5e15a78a627ba0f423","name":"Herve","image":{"@type":"ImageObject","inLanguage":"fr-FR","@id":"https:\/\/secure.gravatar.com\/avatar\/a3fa5f3b752fbdfa79825aea4bc78660f15d8dec6d66aa2ca0e66028d407ba6e?s=96&d=mm&r=g","url":"https:\/\/secure.gravatar.com\/avatar\/a3fa5f3b752fbdfa79825aea4bc78660f15d8dec6d66aa2ca0e66028d407ba6e?s=96&d=mm&r=g","contentUrl":"https:\/\/secure.gravatar.com\/avatar\/a3fa5f3b752fbdfa79825aea4bc78660f15d8dec6d66aa2ca0e66028d407ba6e?s=96&d=mm&r=g","caption":"Herve"},"url":"https:\/\/lannionck.fr\/lck0000\/wordpress\/author\/herve\/"}]}},"_links":{"self":[{"href":"https:\/\/lannionck.fr\/lck0000\/wordpress\/wp-json\/wp\/v2\/posts\/940","targetHints":{"allow":["GET"]}}],"collection":[{"href":"https:\/\/lannionck.fr\/lck0000\/wordpress\/wp-json\/wp\/v2\/posts"}],"about":[{"href":"https:\/\/lannionck.fr\/lck0000\/wordpress\/wp-json\/wp\/v2\/types\/post"}],"author":[{"embeddable":true,"href":"https:\/\/lannionck.fr\/lck0000\/wordpress\/wp-json\/wp\/v2\/users\/15"}],"replies":[{"embeddable":true,"href":"https:\/\/lannionck.fr\/lck0000\/wordpress\/wp-json\/wp\/v2\/comments?post=940"}],"version-history":[{"count":11,"href":"https:\/\/lannionck.fr\/lck0000\/wordpress\/wp-json\/wp\/v2\/posts\/940\/revisions"}],"predecessor-version":[{"id":3549,"href":"https:\/\/lannionck.fr\/lck0000\/wordpress\/wp-json\/wp\/v2\/posts\/940\/revisions\/3549"}],"wp:attachment":[{"href":"https:\/\/lannionck.fr\/lck0000\/wordpress\/wp-json\/wp\/v2\/media?parent=940"}],"wp:term":[{"taxonomy":"category","embeddable":true,"href":"https:\/\/lannionck.fr\/lck0000\/wordpress\/wp-json\/wp\/v2\/categories?post=940"},{"taxonomy":"post_tag","embeddable":true,"href":"https:\/\/lannionck.fr\/lck0000\/wordpress\/wp-json\/wp\/v2\/tags?post=940"}],"curies":[{"name":"wp","href":"https:\/\/api.w.org\/{rel}","templated":true}]}}